{"id":104736,"date":"2023-07-13T13:13:27","date_gmt":"2023-07-13T16:13:27","guid":{"rendered":"https:\/\/www.actualidadadiario.com\/?p=104736"},"modified":"2023-07-13T13:13:27","modified_gmt":"2023-07-13T16:13:27","slug":"se-prorrogo-la-emergencia-agropecuaria-en-la-provincia","status":"publish","type":"post","link":"https:\/\/www.actualidadadiario.com\/index.php\/2023\/07\/13\/se-prorrogo-la-emergencia-agropecuaria-en-la-provincia\/","title":{"rendered":"Se prorrog\u00f3 la emergencia agropecuaria en la provincia"},"content":{"rendered":"<p style=\"text-align: center;\"><em><strong>El Ministerio de Producci\u00f3n de Entre R\u00edos dispuso extender hasta el 31 de diciembre la emergencia agropecuaria. Alcanza a los cultivos de soja, sorgo y ma\u00edz en todo el territorio provincial, y de arroz irrigado por represas en los departamentos La Paz, Feliciano, Federal y Federaci\u00f3n\u201d, seg\u00fan determina la resoluci\u00f3n. El anterior estado de emergencia venci\u00f3 el 30 de junio<\/strong><\/em><\/p>\n<p>&nbsp;<\/p>\n<p>&nbsp;<\/p>\n<p>La pr\u00f3rroga de la emergencia hab\u00eda sido anunciada por el gobernador Gustavo Bordet en el marco de una reuni\u00f3n que mantuvo d\u00edas atr\u00e1s con el ministro de Econom\u00eda de la Naci\u00f3n, Sergio Massa.<\/p>\n<p>A trav\u00e9s de la Resoluci\u00f3n N\u00ba 1.109 del Ministerio de Producci\u00f3n de Entre R\u00edos, publicada en el Bolet\u00edn Oficial, se estableci\u00f3 la pr\u00f3rroga de la declaraci\u00f3n de emergencia y\/o desastre agropecuario dispuesta por el art\u00edculo 1\u00ba del Decreto N\u00ba 4.727\/22 MP y su ampliatoria Resoluci\u00f3n N\u00ba 175\/23 MP, desde el 1\u00ba de julio de 2023 hasta el 31 de diciembre 2023, exclusivamente para las actividades agr\u00edcolas de soja, sorgo y ma\u00edz en todo el territorio provincial, y de arroz irrigado por represas e los departamentos La Paz, Feliciano, Federal y Federaci\u00f3n\u201d.<\/p>\n<p>Cabe destacar que en diciembre pasado el Ejecutivo entrerriano hab\u00eda declarado el estado de emergencia y\/o desastre agropecuario hasta el 30 de junio para Ias explotaciones agr\u00edcolas de ma\u00edz, citr\u00edcolas, hort\u00edcolas, y ap\u00edcolas\u201d, mientras que dispon\u00eda que en el caso de \u201clas explotaciones ganaderas bovinas, caprinas, ovinas, equinas y tamberas\u201d, el periodo se extender\u00e1 hasta el 30 de noviembre de 2023.<\/p>\n<p>En abril la emergencia se ampli\u00f3 a las explotaciones agr\u00edcolas de soja de primera y segunda, de sorgo, de ma\u00edz, citr\u00edcolas, hort\u00edcolas y ap\u00edcolas.<\/p>\n","protected":false},"excerpt":{"rendered":"<p>El Ministerio de Producci\u00f3n de Entre R\u00edos dispuso extender hasta el 31 de diciembre la emergencia agropecuaria. Alcanza a los cultivos de soja, sorgo y ma\u00edz en todo el territorio provincial, y de arroz irrigado por represas en los departamentos La Paz, Feliciano, Federal y Federaci\u00f3n\u201d, seg\u00fan determina la resoluci\u00f3n. El anterior estado de emergencia venci\u00f3 el 30 de junio &nbsp; &nbsp; La pr\u00f3rroga de la emergencia hab\u00eda sido anunciada por el gobernador Gustavo Bordet en el marco de una reuni\u00f3n que mantuvo d\u00edas atr\u00e1s con el ministro de Econom\u00eda&#8230;<\/p>\n","protected":false},"author":3,"featured_media":81146,"comment_status":"closed","ping_status":"closed","sticky":false,"template":"","format":"standard","meta":[],"categories":[15],"tags":[],"_links":{"self":[{"href":"https:\/\/www.actualidadadiario.com\/index.php\/wp-json\/wp\/v2\/posts\/104736"}],"collection":[{"href":"https:\/\/www.actualidadadiario.com\/index.php\/wp-json\/wp\/v2\/posts"}],"about":[{"href":"https:\/\/www.actualidadadiario.com\/index.php\/wp-json\/wp\/v2\/types\/post"}],"author":[{"embeddable":true,"href":"https:\/\/www.actualidadadiario.com\/index.php\/wp-json\/wp\/v2\/users\/3"}],"replies":[{"embeddable":true,"href":"https:\/\/www.actualidadadiario.com\/index.php\/wp-json\/wp\/v2\/comments?post=104736"}],"version-history":[{"count":1,"href":"https:\/\/www.actualidadadiario.com\/index.php\/wp-json\/wp\/v2\/posts\/104736\/revisions"}],"predecessor-version":[{"id":104737,"href":"https:\/\/www.actualidadadiario.com\/index.php\/wp-json\/wp\/v2\/posts\/104736\/revisions\/104737"}],"wp:featuredmedia":[{"embeddable":true,"href":"https:\/\/www.actualidadadiario.com\/index.php\/wp-json\/wp\/v2\/media\/81146"}],"wp:attachment":[{"href":"https:\/\/www.actualidadadiario.com\/index.php\/wp-json\/wp\/v2\/media?parent=104736"}],"wp:term":[{"taxonomy":"category","embeddable":true,"href":"https:\/\/www.actualidadadiario.com\/index.php\/wp-json\/wp\/v2\/categories?post=104736"},{"taxonomy":"post_tag","embeddable":true,"href":"https:\/\/www.actualidadadiario.com\/index.php\/wp-json\/wp\/v2\/tags?post=104736"}],"curies":[{"name":"wp","href":"https:\/\/api.w.org\/{rel}","templated":true}]}}