{"id":104723,"date":"2023-07-13T13:09:08","date_gmt":"2023-07-13T16:09:08","guid":{"rendered":"https:\/\/www.actualidadadiario.com\/?p=104723"},"modified":"2023-07-13T13:09:08","modified_gmt":"2023-07-13T16:09:08","slug":"massa-inaugura-nueva-obra-del-gasoducto-de-la-costa-y-el-parque-yrigoyen","status":"publish","type":"post","link":"https:\/\/www.actualidadadiario.com\/index.php\/2023\/07\/13\/massa-inaugura-nueva-obra-del-gasoducto-de-la-costa-y-el-parque-yrigoyen\/","title":{"rendered":"Massa inaugura nueva obra del gasoducto de la Costa y el parque Yrigoyen"},"content":{"rendered":"<p style=\"text-align: center;\"><em><strong>Se trata de una obra que permitir\u00e1 incorporar a la red a 13.000 nuevos usuarios de las ciudades de Balcarce y Mar del Plata, as\u00ed como la reinauguraci\u00f3n integral del Parque Yrigoyen, para la que se invirtieron $ 878 millones<\/strong><\/em><\/p>\n<p>&nbsp;<\/p>\n<p>&nbsp;<\/p>\n<p>El ministro de Econom\u00eda, Sergio Massa, participar\u00e1 hoy de las inauguraciones de la nueva obra del Gasoducto de la Costa y del Parque Yrigoyen, ambas en la provincia de Buenos Aires.<\/p>\n<p>Se trata de una obra que que permitir\u00e1 incorporar a la red a 13.000 nuevos usuarios de las ciudades de Balcarce y Mar del Plata.<\/p>\n<p>La ampliaci\u00f3n, que se lleva adelante con una inversi\u00f3n de $ 705 millones y es ejecutada por el ENARSA, consiste en la construcci\u00f3n de un total de 51 kil\u00f3metros, 21 en el tramo de alimentaci\u00f3n a la ciudad de Balcarce y 12 de interconexi\u00f3n entre dos estaciones reguladoras de presi\u00f3n en Mar del Plata, y un refuerzo de 18 km desde Tandil a Las Armas, que se encuentra en su \u00faltima etapa de obra.<\/p>\n<p>Una vez terminado el sistema completo, que adem\u00e1s incluye la Planta Compresora Las Armas y que tiene un avance f\u00edsico del 80%, quedar\u00e1 una capacidad instalada para 84.000 nuevos usuarios de 45 localidades, como Mar del Plata, Balcarce, Miramar, Villa Gesell, Las Armas, Mar Chiquita, San Clemente del Tuy\u00fa y Pila, entre otras.<\/p>\n<p>Una hora m\u00e1s tarde est\u00e1 previsto un acto en San Mart\u00edn, del que participar\u00e1 el intendente Fernando Moreira, de reinauguraci\u00f3n integral del Parque Yrigoyen, una obra para la que se invirtieron $ 878 millones.<\/p>\n<p>Por otra parte, el Ministerio de Econom\u00eda difundir\u00e1 esta tarde datos de apertura de mercados para la exportaci\u00f3n, a trav\u00e9s de la Secretar\u00eda de Agricultura, y sobre los pasajes para viajar en vacaciones de invierno, a trav\u00e9s de Trenes Argentinos.<\/p>\n","protected":false},"excerpt":{"rendered":"<p>Se trata de una obra que permitir\u00e1 incorporar a la red a 13.000 nuevos usuarios de las ciudades de Balcarce y Mar del Plata, as\u00ed como la reinauguraci\u00f3n integral del Parque Yrigoyen, para la que se invirtieron $ 878 millones &nbsp; &nbsp; El ministro de Econom\u00eda, Sergio Massa, participar\u00e1 hoy de las inauguraciones de la nueva obra del Gasoducto de la Costa y del Parque Yrigoyen, ambas en la provincia de Buenos Aires. Se trata de una obra que que permitir\u00e1 incorporar a la red a 13.000 nuevos usuarios de&#8230;<\/p>\n","protected":false},"author":3,"featured_media":104724,"comment_status":"closed","ping_status":"closed","sticky":false,"template":"","format":"standard","meta":[],"categories":[18],"tags":[],"_links":{"self":[{"href":"https:\/\/www.actualidadadiario.com\/index.php\/wp-json\/wp\/v2\/posts\/104723"}],"collection":[{"href":"https:\/\/www.actualidadadiario.com\/index.php\/wp-json\/wp\/v2\/posts"}],"about":[{"href":"https:\/\/www.actualidadadiario.com\/index.php\/wp-json\/wp\/v2\/types\/post"}],"author":[{"embeddable":true,"href":"https:\/\/www.actualidadadiario.com\/index.php\/wp-json\/wp\/v2\/users\/3"}],"replies":[{"embeddable":true,"href":"https:\/\/www.actualidadadiario.com\/index.php\/wp-json\/wp\/v2\/comments?post=104723"}],"version-history":[{"count":1,"href":"https:\/\/www.actualidadadiario.com\/index.php\/wp-json\/wp\/v2\/posts\/104723\/revisions"}],"predecessor-version":[{"id":104725,"href":"https:\/\/www.actualidadadiario.com\/index.php\/wp-json\/wp\/v2\/posts\/104723\/revisions\/104725"}],"wp:featuredmedia":[{"embeddable":true,"href":"https:\/\/www.actualidadadiario.com\/index.php\/wp-json\/wp\/v2\/media\/104724"}],"wp:attachment":[{"href":"https:\/\/www.actualidadadiario.com\/index.php\/wp-json\/wp\/v2\/media?parent=104723"}],"wp:term":[{"taxonomy":"category","embeddable":true,"href":"https:\/\/www.actualidadadiario.com\/index.php\/wp-json\/wp\/v2\/categories?post=104723"},{"taxonomy":"post_tag","embeddable":true,"href":"https:\/\/www.actualidadadiario.com\/index.php\/wp-json\/wp\/v2\/tags?post=104723"}],"curies":[{"name":"wp","href":"https:\/\/api.w.org\/{rel}","templated":true}]}}