{"id":104721,"date":"2023-07-13T13:08:26","date_gmt":"2023-07-13T16:08:26","guid":{"rendered":"https:\/\/www.actualidadadiario.com\/?p=104721"},"modified":"2023-07-13T13:08:26","modified_gmt":"2023-07-13T16:08:26","slug":"pullaro-y-losada-cierran-su-campana-bajo-la-atenta-mirada-de-la-cupula-de-jxc","status":"publish","type":"post","link":"https:\/\/www.actualidadadiario.com\/index.php\/2023\/07\/13\/pullaro-y-losada-cierran-su-campana-bajo-la-atenta-mirada-de-la-cupula-de-jxc\/","title":{"rendered":"Pullaro y Losada cierran su campa\u00f1a bajo la atenta mirada de la c\u00fapula de JxC"},"content":{"rendered":"<p style=\"text-align: center;\"><em><strong>La precandidata a presidenta Patricia Bullrich viajar\u00e1 a Santa Fe para acompa\u00f1ar a Carolina Losada<\/strong><\/em><\/p>\n<p>&nbsp;<\/p>\n<p>&nbsp;<\/p>\n<p>&nbsp;<\/p>\n<p>En medio de descalificaciones, los dos principales precandidatos a gobernador de Santa Fe por Juntos por el Cambio cerrar\u00e1n este jueves sus campa\u00f1as de cara a las primarias del 16 de julio, bajo la mirada expectante\u00a0 de los referentes nacionales. Patricia Bullrich viajar\u00e1 a Rosario para acompa\u00f1ar a Carolina Losada, mientras que Maximiliano Ferraro realizar\u00e1 una transmisi\u00f3n por streaming.<\/p>\n<p>Los comicios del domingo pr\u00f3ximo se convertir\u00e1n en la primera batalla en las urnas entre Horacio Rodr\u00edguez Larreta -que apoya a Pullaro- y Bullrich. Lo que suceda ese d\u00eda ser\u00e1 una especie de term\u00f3metro de c\u00f3mo est\u00e1n posicionados los dos precandidatos a presidente de la coalici\u00f3n opositora.<\/p>\n<p>Los postulantes a gobernador optaron por cerrar la campa\u00f1a con actos, entrevistas en medios de comunicaci\u00f3n y visitas de dirigentes nacionales como el caso de Bullrich.<\/p>\n<p>No est\u00e1 previsto que Rodr\u00edguez Larreta se traslade a la provincia para acompa\u00f1ar Pullaro, que opt\u00f3 por realizar una transmisi\u00f3n por streaming desde la ciudad de Armstrong. Sin embargo, el jefe de Gobierno porte\u00f1o estar\u00e1 el domingo en el comando de campa\u00f1a del dirigente radical, junto al precandidato de jefe de Gobierno porte\u00f1o Mart\u00edn Lousteau.<\/p>\n<p>Los cierres se dar\u00e1n en el marco de las acusaciones cruzadas, en especial de Losada contra Pullaro sobre supuestos v\u00ednculos del referente de la UCR con el narcotr\u00e1fico. A tal punto lleg\u00f3 el enfrentamiento que la senadora radical adelant\u00f3 que no trabajar\u00e1 con \u00e9l con vistas a las elecciones generales.<\/p>\n<p>La tercera candidata del espacio, la socialista M\u00f3nica Fein, ya realiz\u00f3 el cierre en la ciudad de Santa Fe junto a su postulante a vicegobernador, Eugenio Fern\u00e1ndez, y este jueves lo har\u00e1 en Rosario, acompa\u00f1ada por el candidato a intendente, Enrique Est\u00e9vez.<\/p>\n<p>Aunque la Coalici\u00f3n C\u00edvica decidi\u00f3 ir por fuera del frente que conform\u00f3 Juntos por el Cambio en territorio santafecino, Elisa Carri\u00f3, que viaj\u00f3 a la provincia para apoyar a su candidato Eduardo Maradona, se meti\u00f3 en la pelea entre Losada y Pullaro, acus\u00e1ndolos a ambos de representar la vieja pol\u00edtica.<\/p>\n<p>\u201cEsta campa\u00f1a es obscena. \u00bfDe d\u00f3nde sale tanto dinero? \u00bfQui\u00e9n paga est\u00e1 campa\u00f1a? \u00bfA qui\u00e9n le deben estos favores? Puede ser del narcotr\u00e1fico y la justicia electoral lo tiene que investigar\u201d, plante\u00f3 Carri\u00f3, quien un rato despu\u00e9s fue internada en la localidad santafesina de Esperanza por una descompensaci\u00f3n.<\/p>\n<p>&#8220;Estar\u00e1 en observaci\u00f3n hasta ma\u00f1ana pero por suerte ya est\u00e1 bien, est\u00e1 l\u00facida&#8221;, dijo la precandidata a diputada santafesina por la Coalici\u00f3n C\u00edvica Lucila Lehmann.<\/p>\n<p>&nbsp;<\/p>\n<p><strong>Los candidatos del PJ<\/strong><\/p>\n<p>El precandidato Marcos Cleri (La C\u00e1mpora) llevar\u00e1 a cabo un cierre m\u00e1s tradicional, con un acto previsto para hoy en el club Sportivo Am\u00e9rica de Rosario, junto a su candidata a vicegobernadora, Alejandra Obeid; la primera candidata a diputada y actual vicegobernadora, Alejandra Rodenas.<\/p>\n<p>En tanto, el sector del senador nacional Marcelo Lewandowski viene realizando cierres en las distintas ciudades y en el caso de ayer fue el turno de la capital provincial, donde estuvo presente el gobernador Omar Perotti, quien encabeza la lista de precandidatos a diputados provinciales.<\/p>\n<p>Leandro Busatto -que cuenta con el apoyo del jefe de Gabinete y candidato a vicepresidente, Agust\u00edn Rossi- ya realiz\u00f3 actos en Santo Tom\u00e9, Santa Fe y Rosario y en las \u00faltimas horas de campa\u00f1a se dedicar\u00e1 a entrevistas en medios de comunicaci\u00f3n provinciales.<\/p>\n<p>El acto m\u00e1s fuerte del postulante Eduardo Toniolli (Movimiento Evita) se llev\u00f3 a cabo hace dos d\u00edas en el Monumento Nacional a la Bandera, donde acompa\u00f1\u00f3 a Juan Monteverde, postulante a la intendencia de la lista Rosario Sin Miedo.<\/p>\n","protected":false},"excerpt":{"rendered":"<p>La precandidata a presidenta Patricia Bullrich viajar\u00e1 a Santa Fe para acompa\u00f1ar a Carolina Losada &nbsp; &nbsp; &nbsp; En medio de descalificaciones, los dos principales precandidatos a gobernador de Santa Fe por Juntos por el Cambio cerrar\u00e1n este jueves sus campa\u00f1as de cara a las primarias del 16 de julio, bajo la mirada expectante\u00a0 de los referentes nacionales. Patricia Bullrich viajar\u00e1 a Rosario para acompa\u00f1ar a Carolina Losada, mientras que Maximiliano Ferraro realizar\u00e1 una transmisi\u00f3n por streaming. Los comicios del domingo pr\u00f3ximo se convertir\u00e1n en la primera batalla en las&#8230;<\/p>\n","protected":false},"author":3,"featured_media":104561,"comment_status":"closed","ping_status":"closed","sticky":false,"template":"","format":"standard","meta":[],"categories":[18],"tags":[],"_links":{"self":[{"href":"https:\/\/www.actualidadadiario.com\/index.php\/wp-json\/wp\/v2\/posts\/104721"}],"collection":[{"href":"https:\/\/www.actualidadadiario.com\/index.php\/wp-json\/wp\/v2\/posts"}],"about":[{"href":"https:\/\/www.actualidadadiario.com\/index.php\/wp-json\/wp\/v2\/types\/post"}],"author":[{"embeddable":true,"href":"https:\/\/www.actualidadadiario.com\/index.php\/wp-json\/wp\/v2\/users\/3"}],"replies":[{"embeddable":true,"href":"https:\/\/www.actualidadadiario.com\/index.php\/wp-json\/wp\/v2\/comments?post=104721"}],"version-history":[{"count":1,"href":"https:\/\/www.actualidadadiario.com\/index.php\/wp-json\/wp\/v2\/posts\/104721\/revisions"}],"predecessor-version":[{"id":104722,"href":"https:\/\/www.actualidadadiario.com\/index.php\/wp-json\/wp\/v2\/posts\/104721\/revisions\/104722"}],"wp:featuredmedia":[{"embeddable":true,"href":"https:\/\/www.actualidadadiario.com\/index.php\/wp-json\/wp\/v2\/media\/104561"}],"wp:attachment":[{"href":"https:\/\/www.actualidadadiario.com\/index.php\/wp-json\/wp\/v2\/media?parent=104721"}],"wp:term":[{"taxonomy":"category","embeddable":true,"href":"https:\/\/www.actualidadadiario.com\/index.php\/wp-json\/wp\/v2\/categories?post=104721"},{"taxonomy":"post_tag","embeddable":true,"href":"https:\/\/www.actualidadadiario.com\/index.php\/wp-json\/wp\/v2\/tags?post=104721"}],"curies":[{"name":"wp","href":"https:\/\/api.w.org\/{rel}","templated":true}]}}