{"id":104719,"date":"2023-07-13T13:07:45","date_gmt":"2023-07-13T16:07:45","guid":{"rendered":"https:\/\/www.actualidadadiario.com\/?p=104719"},"modified":"2023-07-13T13:07:45","modified_gmt":"2023-07-13T16:07:45","slug":"los-libertarios-ya-debaten-si-despues-de-diciembre-milei-se-retira-de-la-politica","status":"publish","type":"post","link":"https:\/\/www.actualidadadiario.com\/index.php\/2023\/07\/13\/los-libertarios-ya-debaten-si-despues-de-diciembre-milei-se-retira-de-la-politica\/","title":{"rendered":"Los libertarios ya debaten si despu\u00e9s de diciembre Milei se retira de la pol\u00edtica"},"content":{"rendered":"<p style=\"text-align: center;\"><em><strong>En caso de no llegar a la presidencia, creen que le costar\u00e1 argumentar su continuidad como outsider de la &#8220;casta&#8221;. Aspiran a meter 20 diputados<\/strong><\/em><\/p>\n<p>&nbsp;<\/p>\n<p>&nbsp;<\/p>\n<p>Los seguidores de Javier Milei ya debaten el escenario para diciembre, cuando al libertario le costar\u00e1 permanecer en pol\u00edtica, si es que no es el presidente.<\/p>\n<p>&#8220;Javier es el que mejor elong\u00f3 antes de la carrera, pero se le desataron los cordones&#8221;, dicen \u00a0en un sector del frente de Milei.<\/p>\n<p>Los analistas coinciden en que, m\u00e1s all\u00e1 de las encuestas, el momentum del libertario se esfum\u00f3 y eso se debe en gran parte al armado ca\u00f3tico que present\u00f3 en el cierre de listas.<\/p>\n<p>En La Libertad Avanza aseguran que las denuncias de ventas de candidaturas son &#8220;operaciones&#8221;, pero admiten que les dieron pie habilitando que &#8220;cualquier cachivache&#8221; hablara en nombre de Milei en los \u00faltimos meses.<\/p>\n<p>Entre los liberales admiten que fue un error dejar ir a Carlos Maslat\u00f3n, que desde que se fue del espacio de Milei adquiri\u00f3 a\u00fan mayor notoriedad y se convirti\u00f3 en un bombardero de la candidatura del economista. Para conservar, en cambio, a otros personajes que no suman.<\/p>\n<p>El despecho por la &#8220;casta&#8221; de Milei podr\u00eda ser su propia limitaci\u00f3n para continuar en la pol\u00edtica. &#8220;\u00bfQu\u00e9 va a hacer? \u00bfRenovar la banca o ir por el Senado para que le digan que hace ocho a\u00f1os vive de la casta?&#8221;, se preguntan los liberales.<\/p>\n<p>Pese a este escenario, a\u00fan creen que La Libertad Avanza podr\u00e1 meter 20 diputados nacionales en todo el pa\u00eds, una suma nada desde\u00f1able para una fuerza nueva, pero que sin una conducci\u00f3n se dispersar\u00e1 antes de la primera sesi\u00f3n.<\/p>\n<p>Entre el clima realista que hay por estas horas en el partido libertario, algunas voces sostienen que &#8220;todav\u00eda es uno de los cuatro que puede ser presidente&#8221;. En ese sentido aseguran que el techo de Milei a\u00fan no se puede dimensionar.<\/p>\n<p>&#8220;El indeciso es un enojado&#8221;, repite el propio economista para atribuirse un caudal impredecible de votantes silenciosos.<\/p>\n","protected":false},"excerpt":{"rendered":"<p>En caso de no llegar a la presidencia, creen que le costar\u00e1 argumentar su continuidad como outsider de la &#8220;casta&#8221;. Aspiran a meter 20 diputados &nbsp; &nbsp; Los seguidores de Javier Milei ya debaten el escenario para diciembre, cuando al libertario le costar\u00e1 permanecer en pol\u00edtica, si es que no es el presidente. &#8220;Javier es el que mejor elong\u00f3 antes de la carrera, pero se le desataron los cordones&#8221;, dicen \u00a0en un sector del frente de Milei. Los analistas coinciden en que, m\u00e1s all\u00e1 de las encuestas, el momentum del&#8230;<\/p>\n","protected":false},"author":3,"featured_media":103326,"comment_status":"closed","ping_status":"closed","sticky":false,"template":"","format":"standard","meta":[],"categories":[18],"tags":[],"_links":{"self":[{"href":"https:\/\/www.actualidadadiario.com\/index.php\/wp-json\/wp\/v2\/posts\/104719"}],"collection":[{"href":"https:\/\/www.actualidadadiario.com\/index.php\/wp-json\/wp\/v2\/posts"}],"about":[{"href":"https:\/\/www.actualidadadiario.com\/index.php\/wp-json\/wp\/v2\/types\/post"}],"author":[{"embeddable":true,"href":"https:\/\/www.actualidadadiario.com\/index.php\/wp-json\/wp\/v2\/users\/3"}],"replies":[{"embeddable":true,"href":"https:\/\/www.actualidadadiario.com\/index.php\/wp-json\/wp\/v2\/comments?post=104719"}],"version-history":[{"count":1,"href":"https:\/\/www.actualidadadiario.com\/index.php\/wp-json\/wp\/v2\/posts\/104719\/revisions"}],"predecessor-version":[{"id":104720,"href":"https:\/\/www.actualidadadiario.com\/index.php\/wp-json\/wp\/v2\/posts\/104719\/revisions\/104720"}],"wp:featuredmedia":[{"embeddable":true,"href":"https:\/\/www.actualidadadiario.com\/index.php\/wp-json\/wp\/v2\/media\/103326"}],"wp:attachment":[{"href":"https:\/\/www.actualidadadiario.com\/index.php\/wp-json\/wp\/v2\/media?parent=104719"}],"wp:term":[{"taxonomy":"category","embeddable":true,"href":"https:\/\/www.actualidadadiario.com\/index.php\/wp-json\/wp\/v2\/categories?post=104719"},{"taxonomy":"post_tag","embeddable":true,"href":"https:\/\/www.actualidadadiario.com\/index.php\/wp-json\/wp\/v2\/tags?post=104719"}],"curies":[{"name":"wp","href":"https:\/\/api.w.org\/{rel}","templated":true}]}}