{"id":104716,"date":"2023-07-13T13:06:58","date_gmt":"2023-07-13T16:06:58","guid":{"rendered":"https:\/\/www.actualidadadiario.com\/?p=104716"},"modified":"2023-07-13T13:06:58","modified_gmt":"2023-07-13T16:06:58","slug":"cerruti-necesitamos-que-la-oposicion-vaya-a-trabajar-al-congreso","status":"publish","type":"post","link":"https:\/\/www.actualidadadiario.com\/index.php\/2023\/07\/13\/cerruti-necesitamos-que-la-oposicion-vaya-a-trabajar-al-congreso\/","title":{"rendered":"Cerruti: &#8220;Necesitamos que la oposici\u00f3n vaya a trabajar al congreso&#8221;"},"content":{"rendered":"<p style=\"text-align: center;\"><em><strong>La portavoz presidencial apunt\u00f3 contra la oposici\u00f3n por la sesi\u00f3n frustrada en el Senado donde se buscaba llegar a un acuerdo sobre la designaci\u00f3n de 75 funcionarios judiciales y tratar una decena de proyectos de ley vinculados a temas sanitarios y de educaci\u00f3n<\/strong><\/em><\/p>\n<p>&nbsp;<\/p>\n<p>&nbsp;<\/p>\n<p>La portavoz de la Presidencia, Gabriela Cerruti, pidi\u00f3 a la oposici\u00f3n que &#8220;con un car\u00e1cter democr\u00e1tico y republicano vayan al Congreso a trabajar y se sienten en las bancas&#8221;, tras la frustrada sesi\u00f3n de ayer en el Senado donde se buscaba llegar a un acuerdo sobre la designaci\u00f3n de 75 funcionarios judiciales.<\/p>\n<p>&#8220;Necesitamos que la oposici\u00f3n se siente a las bancas. Ayer, una vez m\u00e1s, la oposici\u00f3n se ausent\u00f3 en el Senado para aprobar leyes importantes. La oposici\u00f3n est\u00e1 paralizando el Congreso desde principios de a\u00f1o. Volvemos a pedirles que, con su car\u00e1cter democr\u00e1tico y republicano, vayan al Congreso, el lugar donde tienen que estar y vayan a trabajar, a votar a favor o en contra de las leyes que necesita la ciudadan\u00eda&#8221;, dijo la vocera en su habitual conferencia de prensa en la Casa de Gobierno.<\/p>\n<p>La sesi\u00f3n del Senado del mi\u00e9rcoles, en la que estaba previsto debatir los ascensos de 75 jueces, fiscales y defensor\u00edas y una decena de proyectos de ley vinculados a temas sanitarios y de educaci\u00f3n, se frustr\u00f3 debido a la falta de acuerdo entre los bloques pol\u00edticos para dar el qu\u00f3rum requerido al oficialismo.<\/p>\n<p>Los miembros del interbloque del oficialismo que preside Jos\u00e9 Mayans bajaron al recinto de sesiones pero no consiguieron el n\u00famero de 37 senadores presentes para abrir la sesi\u00f3n, y el interbloque de Juntos por el Cambio (JxC) decidi\u00f3 no presentarse a debatir.<\/p>\n<p>El FdT esperaba contar con los votos de senadores del bloque Unidad Federal como Guillermo Snopek (Jujuy) y Edgardo Kueider (Entre R\u00edos) pero \u00e9stos no se presentaron, as\u00ed como tampoco el habitual aliado, el gobernador electo de R\u00edo Negro, Alberto Weretilnek.<\/p>\n<p>&nbsp;<\/p>\n<p><strong>Inflaci\u00f3n\u00a0 <\/strong><\/p>\n<p>Al ser consultada sobre el \u00cdndice de Precios al Consumidor de junio, la portavoz ser\u00e1 &#8220;bastante m\u00e1s bajo&#8221; que el de mayo, por lo que resalt\u00f3 que el pa\u00eds est\u00e1 &#8220;en un sendero de descenso&#8221; del \u00edndice mensual.<\/p>\n<p>&#8220;Lo que indican algunas consultoras privadas y provincias, y la Ciudad es que estar\u00edamos frente a una tendencia a la baja y a un n\u00famero bastante m\u00e1s bajo que el de la \u00faltima medici\u00f3n&#8221;, destac\u00f3 la funcionaria y se\u00f1al\u00f3 que eso le permite pensar al Gobierno, &#8220;que estamos en un sendero de descenso, que hab\u00eda tenido un impacto en los primeros meses del a\u00f1o por las consecuencias de la sequ\u00eda&#8221;.<\/p>\n<p>Poco despu\u00e9s de esa afirmaci\u00f3n, a Cerruti le repreguntaron por la inflaci\u00f3n y compararon la situaci\u00f3n argentina con la de otros pa\u00edses de la regi\u00f3n que tambi\u00e9n sufrieron los efectos de la pandemia, la guerra entre Rusia y Ucrania y la sequ\u00eda: &#8220;Los \u00edndices en esos pa\u00edses est\u00e1n bajando como est\u00e1 bajando tambi\u00e9n en la Argentina&#8221;, contest\u00f3.<\/p>\n<p>Los n\u00fameros a los que se refiere Cerruti y dan cuenta de las estimaciones de consultoras privadas, advierten que los precios minoristas perforar\u00edan cerca del 7%.<\/p>\n","protected":false},"excerpt":{"rendered":"<p>La portavoz presidencial apunt\u00f3 contra la oposici\u00f3n por la sesi\u00f3n frustrada en el Senado donde se buscaba llegar a un acuerdo sobre la designaci\u00f3n de 75 funcionarios judiciales y tratar una decena de proyectos de ley vinculados a temas sanitarios y de educaci\u00f3n &nbsp; &nbsp; La portavoz de la Presidencia, Gabriela Cerruti, pidi\u00f3 a la oposici\u00f3n que &#8220;con un car\u00e1cter democr\u00e1tico y republicano vayan al Congreso a trabajar y se sienten en las bancas&#8221;, tras la frustrada sesi\u00f3n de ayer en el Senado donde se buscaba llegar a un acuerdo&#8230;<\/p>\n","protected":false},"author":3,"featured_media":104717,"comment_status":"closed","ping_status":"closed","sticky":false,"template":"","format":"standard","meta":[],"categories":[18],"tags":[],"_links":{"self":[{"href":"https:\/\/www.actualidadadiario.com\/index.php\/wp-json\/wp\/v2\/posts\/104716"}],"collection":[{"href":"https:\/\/www.actualidadadiario.com\/index.php\/wp-json\/wp\/v2\/posts"}],"about":[{"href":"https:\/\/www.actualidadadiario.com\/index.php\/wp-json\/wp\/v2\/types\/post"}],"author":[{"embeddable":true,"href":"https:\/\/www.actualidadadiario.com\/index.php\/wp-json\/wp\/v2\/users\/3"}],"replies":[{"embeddable":true,"href":"https:\/\/www.actualidadadiario.com\/index.php\/wp-json\/wp\/v2\/comments?post=104716"}],"version-history":[{"count":1,"href":"https:\/\/www.actualidadadiario.com\/index.php\/wp-json\/wp\/v2\/posts\/104716\/revisions"}],"predecessor-version":[{"id":104718,"href":"https:\/\/www.actualidadadiario.com\/index.php\/wp-json\/wp\/v2\/posts\/104716\/revisions\/104718"}],"wp:featuredmedia":[{"embeddable":true,"href":"https:\/\/www.actualidadadiario.com\/index.php\/wp-json\/wp\/v2\/media\/104717"}],"wp:attachment":[{"href":"https:\/\/www.actualidadadiario.com\/index.php\/wp-json\/wp\/v2\/media?parent=104716"}],"wp:term":[{"taxonomy":"category","embeddable":true,"href":"https:\/\/www.actualidadadiario.com\/index.php\/wp-json\/wp\/v2\/categories?post=104716"},{"taxonomy":"post_tag","embeddable":true,"href":"https:\/\/www.actualidadadiario.com\/index.php\/wp-json\/wp\/v2\/tags?post=104716"}],"curies":[{"name":"wp","href":"https:\/\/api.w.org\/{rel}","templated":true}]}}