{"id":104714,"date":"2023-07-13T13:06:14","date_gmt":"2023-07-13T16:06:14","guid":{"rendered":"https:\/\/www.actualidadadiario.com\/?p=104714"},"modified":"2023-07-13T13:06:14","modified_gmt":"2023-07-13T16:06:14","slug":"se-reune-el-consejo-del-salario-y-organizaciones-sociales-marchan-por-un-aumento-del-minimo","status":"publish","type":"post","link":"https:\/\/www.actualidadadiario.com\/index.php\/2023\/07\/13\/se-reune-el-consejo-del-salario-y-organizaciones-sociales-marchan-por-un-aumento-del-minimo\/","title":{"rendered":"Se re\u00fane el Consejo del Salario y organizaciones sociales marchan por un aumento del m\u00ednimo"},"content":{"rendered":"<p style=\"text-align: center;\"><em><strong>Adem\u00e1s de la reuni\u00f3n entre el gobierno, las centrales obreras y las empresas, organizaciones sociales marchar\u00e1n para pedir &#8220;un aumento inmediato y razonable del salario m\u00ednimo, vital y m\u00f3vil&#8221;<\/strong><\/em><\/p>\n<p>&nbsp;<\/p>\n<p>&nbsp;<\/p>\n<p>El Gobierno nacional, las tres centrales obreras y las empresas debaten este jueves un nuevo monto del Salario M\u00ednimo, Vital y M\u00f3vil (SMVM) y de las prestaciones por desempleo, en el marco de la convocatoria del Ministerio de Trabajo al Consejo del Salario, y la CGT y la CTA negocian \u00abuna propuesta com\u00fan\u00bb de aumento del m\u00ednimo.<\/p>\n<p>La cartera de Trabajo, a cargo de Raquel Olmos, convoc\u00f3 a sindicalistas y empresarios a discutir una actualizaci\u00f3n del m\u00ednimo y de las prestaciones por desempleo en sesi\u00f3n ordinaria a las 16, de forma virtual, y luego habr\u00e1 una segunda reuni\u00f3n para fijar los nuevos montos, seg\u00fan el art\u00edculo 135 de la Ley 24.013.<\/p>\n<p>El secretario general de la CTA, Hugo Yasky, hab\u00eda anticipado que la central discut\u00eda con la CGT para presentar este jueves una \u00abpropuesta com\u00fan de aumento\u00bb del salario m\u00ednimo, por lo que hab\u00eda optado por no arriesgar cifras en el contexto de esas tratativas.<\/p>\n<p>Por su parte, la CTA-Aut\u00f3noma, que conduce Hugo \u00abCachorro\u00bb Godoy, anunci\u00f3 que la propuesta que presentar\u00e1 es de un incremento del \u00ab50 \u00f3 60%\u00bb sobre el mes de junio y que sea revisado en octubre, adem\u00e1s de que acompa\u00f1ar\u00e1 ese reclamo con una \u00abjornada nacional de lucha\u00bb con movilizaci\u00f3n al Ministerio de Trabajo.<\/p>\n<p>\u00abSi el Consejo fijara un valor que atendiera las necesidades elementales de un trabajador o trabajadora, el SMVM deber\u00eda estar en 233 mil pesos y estamos lejos de eso porque deber\u00edamos tener un incremento del 170 por ciento\u00bb, afirm\u00f3 Godoy a trav\u00e9s de un comunicado.<\/p>\n<p>Los montos vigentes del SMVM y por desempleo fueron decididos por \u00faltima vez el 21 de marzo, por lo que desde el 1\u00b0 de abril de este a\u00f1o el m\u00ednimo fue de 80.342 pesos, en mayo aument\u00f3 a 84.512 y, en junio, a 87.987 pesos, sobre la base del acuerdo entre las partes, que convinieron un incremento del 15,6%, 6% y 5%, respectivamente.<\/p>\n<p>En el encuentro participar\u00e1n las c\u00e1maras empresarias de las variadas actividades, la CGT y ambas CTA.<\/p>\n<p>En la reuni\u00f3n de marzo \u00faltimo, la propuesta de aumento del m\u00ednimo fue aprobada por 30 votos, se abstuvo la CTA de Yasky y la rechaz\u00f3 la CTA Aut\u00f3noma, ocasi\u00f3n en la que gremialistas y empresarios convinieron la convocatoria de este jueves.<\/p>\n<p>&nbsp;<\/p>\n<p><strong>Organizaciones sociales marchan para reclamar aumento del salario m\u00ednimo<\/strong><\/p>\n<p>Organizaciones sociales nucleadas en el Frente Popular Dar\u00edo Santill\u00e1n y el Frente de Organizaciones en Lucha (FOL) marchar\u00e1n este jueves a las sedes de los ministerios de Trabajo y Econom\u00eda para pedir \u00abun aumento inmediato y razonable del salario m\u00ednimo, vital y m\u00f3vil\u00bb, horas antes de la reuni\u00f3n que mantendr\u00e1n funcionarios del Gobierno, representantes de las centrales sindicales y empresarios para consensuar un nuevo piso del haber.<\/p>\n<p>Al mediod\u00eda, militantes del Frente Popular Dar\u00edo Santill\u00e1n \u2013con el apoyo de la CTA-A\u2013 se movilizar\u00e1n a la sede de la cartera laboral, ubicada en Leandro N. Alem 650, para reclamar un incremento del salario m\u00ednimo, que \u00abactualmente est\u00e1 en 88 mil pesos, es decir, por debajo de la canasta b\u00e1sica alimentaria, y actualmente se encuentra en los 99 mil pesos\u00bb.<\/p>\n<p>\u201cLe queremos pedir a los representantes de los distintos sindicatos presentes que est\u00e9n a la altura de la situaci\u00f3n\u00bb, se\u00f1al\u00f3 Dina S\u00e1nchez, referente de esta organizaci\u00f3n social, a trav\u00e9s de un comunicado.<\/p>\n<p>En tanto, m\u00e1s temprano, integrantes del FOL se concentrar\u00e1n en avenida de Mayo y 9 de Julio para marchar hacia a la sede del Ministerio de Econom\u00eda, (Hip\u00f3lito Yrigoyen 250), donde pedir\u00e1n ser recibidos por su titular, Sergio Massa, y luego se manifestar\u00e1n frente a Trabajo \u00abpara exigir que el salario m\u00ednimo, vital y m\u00f3vil le gane a la inflaci\u00f3n\u00bb.<\/p>\n<p>\u00abQueremos un aumento que nos lleve a la recuperaci\u00f3n de lo que perdieron los salarios en los \u00faltimos a\u00f1os. Reclamamos tambi\u00e9n el reparto de las horas de trabajo: trabajar 6 horas, para trabajar todxs, sin bajar los salarios\u00bb, indicaron desde el FOL en un comunicado.<\/p>\n","protected":false},"excerpt":{"rendered":"<p>Adem\u00e1s de la reuni\u00f3n entre el gobierno, las centrales obreras y las empresas, organizaciones sociales marchar\u00e1n para pedir &#8220;un aumento inmediato y razonable del salario m\u00ednimo, vital y m\u00f3vil&#8221; &nbsp; &nbsp; El Gobierno nacional, las tres centrales obreras y las empresas debaten este jueves un nuevo monto del Salario M\u00ednimo, Vital y M\u00f3vil (SMVM) y de las prestaciones por desempleo, en el marco de la convocatoria del Ministerio de Trabajo al Consejo del Salario, y la CGT y la CTA negocian \u00abuna propuesta com\u00fan\u00bb de aumento del m\u00ednimo. La cartera&#8230;<\/p>\n","protected":false},"author":3,"featured_media":104254,"comment_status":"closed","ping_status":"closed","sticky":false,"template":"","format":"standard","meta":[],"categories":[18],"tags":[],"_links":{"self":[{"href":"https:\/\/www.actualidadadiario.com\/index.php\/wp-json\/wp\/v2\/posts\/104714"}],"collection":[{"href":"https:\/\/www.actualidadadiario.com\/index.php\/wp-json\/wp\/v2\/posts"}],"about":[{"href":"https:\/\/www.actualidadadiario.com\/index.php\/wp-json\/wp\/v2\/types\/post"}],"author":[{"embeddable":true,"href":"https:\/\/www.actualidadadiario.com\/index.php\/wp-json\/wp\/v2\/users\/3"}],"replies":[{"embeddable":true,"href":"https:\/\/www.actualidadadiario.com\/index.php\/wp-json\/wp\/v2\/comments?post=104714"}],"version-history":[{"count":1,"href":"https:\/\/www.actualidadadiario.com\/index.php\/wp-json\/wp\/v2\/posts\/104714\/revisions"}],"predecessor-version":[{"id":104715,"href":"https:\/\/www.actualidadadiario.com\/index.php\/wp-json\/wp\/v2\/posts\/104714\/revisions\/104715"}],"wp:featuredmedia":[{"embeddable":true,"href":"https:\/\/www.actualidadadiario.com\/index.php\/wp-json\/wp\/v2\/media\/104254"}],"wp:attachment":[{"href":"https:\/\/www.actualidadadiario.com\/index.php\/wp-json\/wp\/v2\/media?parent=104714"}],"wp:term":[{"taxonomy":"category","embeddable":true,"href":"https:\/\/www.actualidadadiario.com\/index.php\/wp-json\/wp\/v2\/categories?post=104714"},{"taxonomy":"post_tag","embeddable":true,"href":"https:\/\/www.actualidadadiario.com\/index.php\/wp-json\/wp\/v2\/tags?post=104714"}],"curies":[{"name":"wp","href":"https:\/\/api.w.org\/{rel}","templated":true}]}}