{"id":104708,"date":"2023-07-13T13:03:24","date_gmt":"2023-07-13T16:03:24","guid":{"rendered":"https:\/\/www.actualidadadiario.com\/?p=104708"},"modified":"2023-07-13T13:03:24","modified_gmt":"2023-07-13T16:03:24","slug":"elecciones-2023-en-las-proximas-horas-se-podra-consultar-el-padron-definitivo","status":"publish","type":"post","link":"https:\/\/www.actualidadadiario.com\/index.php\/2023\/07\/13\/elecciones-2023-en-las-proximas-horas-se-podra-consultar-el-padron-definitivo\/","title":{"rendered":"Elecciones 2023: en las pr\u00f3ximas horas se podr\u00e1 consultar el padr\u00f3n definitivo"},"content":{"rendered":"<p style=\"text-align: center;\"><em><strong>De cara a las Primarias Abiertas Simult\u00e1neas y Obligatorias (PASO), la C\u00e1mara Nacional Electoral inform\u00f3 que a partir del viernes 14 de julio estar\u00e1 disponible el padr\u00f3n definitivo para las elecciones nacionales 2023<\/strong><\/em><\/p>\n<p>&nbsp;<\/p>\n<p>&nbsp;<\/p>\n<p>De cara a las Primarias Abiertas Simult\u00e1neas y Obligatorias (PASO), la C\u00e1mara Nacional Electoral inform\u00f3 que a partir del viernes 14 de julio estar\u00e1 disponible el padr\u00f3n definitivo para las elecciones nacionales 2023.<\/p>\n<p>&#8220;La ciudadan\u00eda en condiciones de votar podr\u00e1 consultar los datos de lugar y mesa de votaci\u00f3n previstos para las PASO del 13 de agosto de este a\u00f1o&#8221;, consigna el comunicado oficial.<\/p>\n<p>El padr\u00f3n definitivo se podr\u00e1 consultar en el sitio web www.electoral.gob.ar y en www.padron.gob.ar. El elector\/a debe introducir su n\u00famero de documento, g\u00e9nero, distrito donde vota e ingresar un c\u00f3digo verificador.<\/p>\n<p>&nbsp;<\/p>\n<p><strong>Los documentos v\u00e1lidos para votar son:<\/strong><\/p>\n<p>Seg\u00fan la Direcci\u00f3n Nacional Electoral (DNI), ente dependiente del Ministerio del Interior y organizador oficial de las Elecciones 2023 en Argentina, son 5 los documentos v\u00e1lidos para votar:<\/p>\n<ul>\n<li>DNI libreta verde y libreta celeste<\/li>\n<li>DNI tarjeta (incluso el que dice \u201cno v\u00e1lido para votar\u201d)<\/li>\n<li>Libreta de enrolamiento<\/li>\n<li>Libreta c\u00edvica<\/li>\n<\/ul>\n<p>La p\u00e1gina oficial del gobierno nacional establece que &#8220;se vota con el documento c\u00edvico que figura en el padr\u00f3n electoral, o con una versi\u00f3n posterior del mismo. Si concurr\u00eds a votar con un documento anterior al que consta en el padr\u00f3n, no podr\u00e1s votar. El DNI en el celular no es v\u00e1lido para votar&#8221;. Adem\u00e1s, se aclara que no se considera probatorio de la identidad ning\u00fan comprobante de documento en tr\u00e1mite.<\/p>\n<p>El ejemplar del documento debe ser igual o posterior (m\u00e1s nuevo) al que figura en el padr\u00f3n. Asimismo, es importante remarcar que el \u201cDNI en tu celular\u201d NO es v\u00e1lido para votar.<\/p>\n","protected":false},"excerpt":{"rendered":"<p>De cara a las Primarias Abiertas Simult\u00e1neas y Obligatorias (PASO), la C\u00e1mara Nacional Electoral inform\u00f3 que a partir del viernes 14 de julio estar\u00e1 disponible el padr\u00f3n definitivo para las elecciones nacionales 2023 &nbsp; &nbsp; De cara a las Primarias Abiertas Simult\u00e1neas y Obligatorias (PASO), la C\u00e1mara Nacional Electoral inform\u00f3 que a partir del viernes 14 de julio estar\u00e1 disponible el padr\u00f3n definitivo para las elecciones nacionales 2023. &#8220;La ciudadan\u00eda en condiciones de votar podr\u00e1 consultar los datos de lugar y mesa de votaci\u00f3n previstos para las PASO del 13&#8230;<\/p>\n","protected":false},"author":3,"featured_media":101367,"comment_status":"closed","ping_status":"closed","sticky":false,"template":"","format":"standard","meta":[],"categories":[9],"tags":[],"_links":{"self":[{"href":"https:\/\/www.actualidadadiario.com\/index.php\/wp-json\/wp\/v2\/posts\/104708"}],"collection":[{"href":"https:\/\/www.actualidadadiario.com\/index.php\/wp-json\/wp\/v2\/posts"}],"about":[{"href":"https:\/\/www.actualidadadiario.com\/index.php\/wp-json\/wp\/v2\/types\/post"}],"author":[{"embeddable":true,"href":"https:\/\/www.actualidadadiario.com\/index.php\/wp-json\/wp\/v2\/users\/3"}],"replies":[{"embeddable":true,"href":"https:\/\/www.actualidadadiario.com\/index.php\/wp-json\/wp\/v2\/comments?post=104708"}],"version-history":[{"count":1,"href":"https:\/\/www.actualidadadiario.com\/index.php\/wp-json\/wp\/v2\/posts\/104708\/revisions"}],"predecessor-version":[{"id":104709,"href":"https:\/\/www.actualidadadiario.com\/index.php\/wp-json\/wp\/v2\/posts\/104708\/revisions\/104709"}],"wp:featuredmedia":[{"embeddable":true,"href":"https:\/\/www.actualidadadiario.com\/index.php\/wp-json\/wp\/v2\/media\/101367"}],"wp:attachment":[{"href":"https:\/\/www.actualidadadiario.com\/index.php\/wp-json\/wp\/v2\/media?parent=104708"}],"wp:term":[{"taxonomy":"category","embeddable":true,"href":"https:\/\/www.actualidadadiario.com\/index.php\/wp-json\/wp\/v2\/categories?post=104708"},{"taxonomy":"post_tag","embeddable":true,"href":"https:\/\/www.actualidadadiario.com\/index.php\/wp-json\/wp\/v2\/tags?post=104708"}],"curies":[{"name":"wp","href":"https:\/\/api.w.org\/{rel}","templated":true}]}}