{"id":104679,"date":"2023-07-12T15:13:45","date_gmt":"2023-07-12T18:13:45","guid":{"rendered":"https:\/\/www.actualidadadiario.com\/?p=104679"},"modified":"2023-07-12T15:13:45","modified_gmt":"2023-07-12T18:13:45","slug":"un-fuerte-sismo-hizo-temblar-uruguay","status":"publish","type":"post","link":"https:\/\/www.actualidadadiario.com\/index.php\/2023\/07\/12\/un-fuerte-sismo-hizo-temblar-uruguay\/","title":{"rendered":"Un fuerte sismo hizo temblar Uruguay"},"content":{"rendered":"<p style=\"text-align: center;\"><em><strong>El sismo ocurri\u00f3 alrededor de las 5,40 en la zona de la Costa de Oro, en Canelones<\/strong><\/em><\/p>\n<p>&nbsp;<\/p>\n<p>&nbsp;<\/p>\n<p>Este mi\u00e9rcoles a la madrugada, se registr\u00f3 un sismo de 4,0 de magnitud en la escala de Richter en la costa de Uruguay, a 11 kil\u00f3metros de la ciudad de Atl\u00e1ntida, en el departamento de Canelones, que se sinti\u00f3 incluso en Montevideo, indicaron especialistas citados por diarios del pa\u00eds vecino.<\/p>\n<p>Seg\u00fan publicaron los diarios El Pa\u00eds y El Observador, replicado por T\u00e9lam, precisaron que el sismo ocurri\u00f3 alrededor de las 5,40 en la zona de la Costa de Oro, en Canelones. La ge\u00f3loga Leda S\u00e1nchez, del Observatorio Geof\u00ecsico de Uruguay, indic\u00f3 que la magnitud del fen\u00f3meno \u00abdebe haber sido grande\u00bb porque tambi\u00e9n identific\u00f3 registros en Paso de los Toros, Tacuaremb\u00f3, a 255 kil\u00f3metros de Montevideo.<\/p>\n<p>\u00abSe ve en todas las estaciones que tenemos en el pa\u00eds. Es bastante grande para lo que hemos registrado en los \u00faltimos tiempos\u00bb, acot\u00f3 Enrique Latorres, tambi\u00e9n integrante del Observatorio. Seg\u00fan el sistema de alertas de Google, el fen\u00f3meno se registr\u00f3 a las 5.43 en el mar, 11 kil\u00f3metros hacia adentro de las aguas de esa ciudad del departamento de Canelones, localizada sobre la ruta interbalnearia que conduce, por ejemplo, hacia Punta del Este.<\/p>\n<p>En la p\u00e1gina oficial del gobierno de Uruguay explican que ese pa\u00eds tiene caracter\u00edsticas geol\u00f3gicas que lo posicionan como un territorio de \u00abriesgo s\u00edsmico muy bajo\u00bb, por eso llam\u00f3 la atenci\u00f3n lo ocurrido este martes. Sin embargo, esta no es la primera vez que pasa algo as\u00ed. El primer episodio que fue registrado en el pa\u00eds vecino se dio el 14 de enero de 1884, a las 7.30, cuando un tsunami afect\u00f3 las costas durante 15 minutos e incluso gener\u00f3 inundaciones en parte de Montevideo.<\/p>\n<p>En tanto, el \u00faltimo temblor registrado fue el 24 de noviembre de 2016, con un sismo cerca de la ciudad de Sauce, tambi\u00e9n en el departamento de Canelones, como el de hoy. De acuerdo al Gobierno, ese fen\u00f3meno hace siete a\u00f1os despert\u00f3 las consulta de \u00abcientos de personas\u00bb. Un a\u00f1o antes, en 2015, se hab\u00eda reportado un terremoto seguido de un peque\u00f1o tsunami.<\/p>\n<p>&nbsp;<\/p>\n<p><strong>No se registraron da\u00f1os<\/strong><\/p>\n<p>La Intendencia de Canelones inform\u00f3 en la ma\u00f1ana que est\u00e1 investigando lo sucedido y que al momento \u00abno se identifican impactos\u00bb. \u00abHasta el momento la informaci\u00f3n que manejamos es la misma que tiene estado p\u00fablico; del relevamiento realizado con alcaldes y actores locales no se identifican impactos\u00bb, cerr\u00f3 el comunicado de las autoridades.<\/p>\n<p>En conjunto con el Sistema Nacional de Emergencias (Sinae), la Intendencia har\u00e1 \u00abun relevamiento en las zonas cercanas con el objetivo de identificar posibles impactos\u00bb. El temblor tom\u00f3 por sorpresa muchos en Uruguay, inclusiva a las autoridades, que expresaron su desconcierto en redes sociales y a medios locales.<\/p>\n<p>El alcalde de Atl\u00e1ntida, Gustavo Gonz\u00e1lez, relat\u00f3 que acababa de levantarse cuando sinti\u00f3 el temblor, que lo asoci\u00f3 a \u00abun trueno\u00bb. El suceso lo puso \u00abfeliz\u00bb, ya que pens\u00f3 que iba a llover, lo que ser\u00eda un alivio para la crisis h\u00eddrica que sufre Uruguay. \u00abPero nada m\u00e1s lejos que un trueno\u00bb, se lament\u00f3.<\/p>\n","protected":false},"excerpt":{"rendered":"<p>El sismo ocurri\u00f3 alrededor de las 5,40 en la zona de la Costa de Oro, en Canelones &nbsp; &nbsp; Este mi\u00e9rcoles a la madrugada, se registr\u00f3 un sismo de 4,0 de magnitud en la escala de Richter en la costa de Uruguay, a 11 kil\u00f3metros de la ciudad de Atl\u00e1ntida, en el departamento de Canelones, que se sinti\u00f3 incluso en Montevideo, indicaron especialistas citados por diarios del pa\u00eds vecino. Seg\u00fan publicaron los diarios El Pa\u00eds y El Observador, replicado por T\u00e9lam, precisaron que el sismo ocurri\u00f3 alrededor de las 5,40&#8230;<\/p>\n","protected":false},"author":3,"featured_media":99398,"comment_status":"closed","ping_status":"closed","sticky":false,"template":"","format":"standard","meta":[],"categories":[4],"tags":[],"_links":{"self":[{"href":"https:\/\/www.actualidadadiario.com\/index.php\/wp-json\/wp\/v2\/posts\/104679"}],"collection":[{"href":"https:\/\/www.actualidadadiario.com\/index.php\/wp-json\/wp\/v2\/posts"}],"about":[{"href":"https:\/\/www.actualidadadiario.com\/index.php\/wp-json\/wp\/v2\/types\/post"}],"author":[{"embeddable":true,"href":"https:\/\/www.actualidadadiario.com\/index.php\/wp-json\/wp\/v2\/users\/3"}],"replies":[{"embeddable":true,"href":"https:\/\/www.actualidadadiario.com\/index.php\/wp-json\/wp\/v2\/comments?post=104679"}],"version-history":[{"count":1,"href":"https:\/\/www.actualidadadiario.com\/index.php\/wp-json\/wp\/v2\/posts\/104679\/revisions"}],"predecessor-version":[{"id":104680,"href":"https:\/\/www.actualidadadiario.com\/index.php\/wp-json\/wp\/v2\/posts\/104679\/revisions\/104680"}],"wp:featuredmedia":[{"embeddable":true,"href":"https:\/\/www.actualidadadiario.com\/index.php\/wp-json\/wp\/v2\/media\/99398"}],"wp:attachment":[{"href":"https:\/\/www.actualidadadiario.com\/index.php\/wp-json\/wp\/v2\/media?parent=104679"}],"wp:term":[{"taxonomy":"category","embeddable":true,"href":"https:\/\/www.actualidadadiario.com\/index.php\/wp-json\/wp\/v2\/categories?post=104679"},{"taxonomy":"post_tag","embeddable":true,"href":"https:\/\/www.actualidadadiario.com\/index.php\/wp-json\/wp\/v2\/tags?post=104679"}],"curies":[{"name":"wp","href":"https:\/\/api.w.org\/{rel}","templated":true}]}}