{"id":104676,"date":"2023-07-12T15:13:01","date_gmt":"2023-07-12T18:13:01","guid":{"rendered":"https:\/\/www.actualidadadiario.com\/?p=104676"},"modified":"2023-07-12T15:13:01","modified_gmt":"2023-07-12T18:13:01","slug":"francia-refuerza-la-seguridad-y-moviliza-miles-de-policias","status":"publish","type":"post","link":"https:\/\/www.actualidadadiario.com\/index.php\/2023\/07\/12\/francia-refuerza-la-seguridad-y-moviliza-miles-de-policias\/","title":{"rendered":"Francia refuerza la seguridad y moviliza miles de polic\u00edas"},"content":{"rendered":"<p style=\"text-align: center;\"><em><strong>Los disturbios estallaron a fines de junio despu\u00e9s de que la polic\u00eda matara a tiros a Nahel, cuando el joven no cumpli\u00f3 con una orden de detener su autom\u00f3vil<\/strong><\/em><\/p>\n<p>&nbsp;<\/p>\n<p>&nbsp;<\/p>\n<p>Francia intensificar\u00e1 las medidas de seguridad para el festival nacional anual del D\u00eda de la Bastilla del 14 de julio, anunci\u00f3 este mi\u00e9rcoles el ministro del Interior, Gerald Darmanin, despu\u00e9s de que el pa\u00eds se vio afectado por disturbios tras el tiroteo mortal de la polic\u00eda contra un adolescente cerca de Par\u00eds.<\/p>\n<p>Darmanin explic\u00f3 que se movilizar\u00edan 130.000 polic\u00edas a partir del jueves por la noche. \u00abHelic\u00f3pteros y unidades policiales especiales, como las divisiones RAID y GIGN, tambi\u00e9n estar\u00e1n en espera\u00bb, agreg\u00f3. Los disturbios estallaron a fines de junio despu\u00e9s de que la polic\u00eda matara a tiros a Nahel M, de 17 a\u00f1os, de ascendencia argelina y marroqu\u00ed, cuando el joven no cumpli\u00f3 con una orden de detener su autom\u00f3vil.<\/p>\n<p>Las protestas por su muerte comenzaron en el suburbio parisino de Nanterre, donde le dispararon, y luego se extendieron r\u00e1pidamente a otras ciudades importantes como Lyon y Marsella. Desde entonces, los disturbios han disminuido, pero la polic\u00eda teme disturbios en la noche del feriado p\u00fablico del 14 de julio, conocido como el D\u00eda de la Bastilla para conmemorar el asalto a la prisi\u00f3n de la Bastilla en 1789, una fecha clave en la Revoluci\u00f3n Francesa.<\/p>\n<p>&nbsp;<\/p>\n<p><strong>Sin fuegos artificiales<\/strong><\/p>\n<p>Los fuegos artificiales fueron una de las armas elegidas por los manifestantes durante los disturbios que estallaron tras la muerte de Nahel. \u00abCon el fin de prevenir el riesgo de graves alteraciones del orden p\u00fablico durante las fiestas del 14 de julio, se proh\u00edbe la venta, tenencia, transporte y utilizaci\u00f3n de art\u00edculos pirot\u00e9cnicos y fuegos artificiales hasta el 15 de julio inclusive\u00bb, informaron desde el gobierno d\u00edas atr\u00e1s.<\/p>\n<p>La prohibici\u00f3n no afecta a los profesionales ni a los municipios que organicen fuegos artificiales tradicionales para las celebraciones del D\u00eda de la Bastilla. M\u00e1s de 3.700 personas fueron detenidas por la polic\u00eda en relaci\u00f3n con las protestas desde la muerte de Nahel, entre ellas al menos 1.160 menores, seg\u00fan cifras oficiales.<\/p>\n","protected":false},"excerpt":{"rendered":"<p>Los disturbios estallaron a fines de junio despu\u00e9s de que la polic\u00eda matara a tiros a Nahel, cuando el joven no cumpli\u00f3 con una orden de detener su autom\u00f3vil &nbsp; &nbsp; Francia intensificar\u00e1 las medidas de seguridad para el festival nacional anual del D\u00eda de la Bastilla del 14 de julio, anunci\u00f3 este mi\u00e9rcoles el ministro del Interior, Gerald Darmanin, despu\u00e9s de que el pa\u00eds se vio afectado por disturbios tras el tiroteo mortal de la polic\u00eda contra un adolescente cerca de Par\u00eds. Darmanin explic\u00f3 que se movilizar\u00edan 130.000 polic\u00edas&#8230;<\/p>\n","protected":false},"author":3,"featured_media":104677,"comment_status":"closed","ping_status":"closed","sticky":false,"template":"","format":"standard","meta":[],"categories":[4],"tags":[],"_links":{"self":[{"href":"https:\/\/www.actualidadadiario.com\/index.php\/wp-json\/wp\/v2\/posts\/104676"}],"collection":[{"href":"https:\/\/www.actualidadadiario.com\/index.php\/wp-json\/wp\/v2\/posts"}],"about":[{"href":"https:\/\/www.actualidadadiario.com\/index.php\/wp-json\/wp\/v2\/types\/post"}],"author":[{"embeddable":true,"href":"https:\/\/www.actualidadadiario.com\/index.php\/wp-json\/wp\/v2\/users\/3"}],"replies":[{"embeddable":true,"href":"https:\/\/www.actualidadadiario.com\/index.php\/wp-json\/wp\/v2\/comments?post=104676"}],"version-history":[{"count":1,"href":"https:\/\/www.actualidadadiario.com\/index.php\/wp-json\/wp\/v2\/posts\/104676\/revisions"}],"predecessor-version":[{"id":104678,"href":"https:\/\/www.actualidadadiario.com\/index.php\/wp-json\/wp\/v2\/posts\/104676\/revisions\/104678"}],"wp:featuredmedia":[{"embeddable":true,"href":"https:\/\/www.actualidadadiario.com\/index.php\/wp-json\/wp\/v2\/media\/104677"}],"wp:attachment":[{"href":"https:\/\/www.actualidadadiario.com\/index.php\/wp-json\/wp\/v2\/media?parent=104676"}],"wp:term":[{"taxonomy":"category","embeddable":true,"href":"https:\/\/www.actualidadadiario.com\/index.php\/wp-json\/wp\/v2\/categories?post=104676"},{"taxonomy":"post_tag","embeddable":true,"href":"https:\/\/www.actualidadadiario.com\/index.php\/wp-json\/wp\/v2\/tags?post=104676"}],"curies":[{"name":"wp","href":"https:\/\/api.w.org\/{rel}","templated":true}]}}