{"id":104667,"date":"2023-07-12T14:22:24","date_gmt":"2023-07-12T17:22:24","guid":{"rendered":"https:\/\/www.actualidadadiario.com\/?p=104667"},"modified":"2023-07-12T14:22:24","modified_gmt":"2023-07-12T17:22:24","slug":"alberto-fernandez-anuncio-la-construccion-de-un-barrio-para-personas-con-problemas-de-salud-mental","status":"publish","type":"post","link":"https:\/\/www.actualidadadiario.com\/index.php\/2023\/07\/12\/alberto-fernandez-anuncio-la-construccion-de-un-barrio-para-personas-con-problemas-de-salud-mental\/","title":{"rendered":"Alberto Fern\u00e1ndez anunci\u00f3 la construcci\u00f3n de un barrio para personas con problemas de salud mental"},"content":{"rendered":"<p style=\"text-align: center;\"><em><strong>El Presidente encabez\u00f3 el inicio de las obras del primer barrio destinado a personas alojadas en la Colonia Nacional Montes de Oca, en Luj\u00e1n<\/strong><\/em><\/p>\n<p>&nbsp;<\/p>\n<p>&nbsp;<\/p>\n<p>El presidente Alberto Fern\u00e1ndez anunci\u00f3 la construcci\u00f3n de un barrio inclusivo, el primero de ellos, destinado a alojar personas con problemas de salud mental y discapacidad intelectual en el partido bonaerense de Luj\u00e1n, en cumplimiento de la Ley Nacional de Salud Mental, y prev\u00e9 la puesta en pie de 50 viviendas destinadas a 260 personas.<\/p>\n<p>En compa\u00f1\u00eda de la ministra Carla Vizzotti (Salud) y el ministro Santiago Maggiotti (Desarrollo Territorial y H\u00e1bitat), el mandatario plante\u00f3 la necesidad de debatir y poner foco en las problem\u00e1ticas de salud mental que, seg\u00fan plante\u00f3, eran consideradas &#8220;una suerte de tab\u00fa&#8221; y rechaz\u00f3 las medidas de seguridad que se adoptaban para dar tratamiento a los padecimientos.<\/p>\n<p>&#8220;Las medidas de seguridad era encerrarlos en un manicomio y dejarlos all\u00ed en una suerte de silencio. Un lugar del que adem\u00e1s todos preferir\u00edamos no hablar. Ha llegado la hora de hablar de la salud mental, es necesario hablar porque tiene m\u00faltiples facetas&#8221;, expres\u00f3 ante la presencia del intendente de Luj\u00e1n, Leonardo Boto, y la directora del establecimiento, Silvina Aguilar.<\/p>\n<p>En la etapa final de su gesti\u00f3n, el Gobierno avanz\u00f3 en la planificaci\u00f3n de un barrio que contemplar\u00e1 50 viviendas destinadas a 260 personas, en un predio que pertenece a la Colonia Nacional Montes de Oca que cuenta con servicios para el inicio de obra. Tambi\u00e9n, plantea readecuar dos pabellones y construir un complejo habitacional con capacidad para 24 usuarios con necesidades de apoyo intensivas.<\/p>\n<p>El mandatario anunci\u00f3 adem\u00e1s el cambio de nombre de la instituci\u00f3n que pasar\u00e1 a llamarse Hospital Nacional y Comunidad Ram\u00f3n Carrillo, ya que el actual fue adquirido durante el gobierno de facto del General Ongan\u00eda.<\/p>\n<p>&#8220;Quisiera que este impulso no ceda, que siga teniendo la misma fuerza y velocidad, que siga poniendo el mismo coraje, ganas y garra porque es necesario que lo hagamos y que se vea&#8221;, remarc\u00f3 Alberto Fern\u00e1ndez, y agreg\u00f3: &#8220;Que podamos mostrar que este es el modo, este es el camino, no el camino que est\u00e1bamos transitando&#8221;.<\/p>\n<p>En la misma l\u00ednea, revel\u00f3 que fue el primer presidente en ocuparse de la problem\u00e1tica y confes\u00f3 que su atenci\u00f3n surgi\u00f3 producto del impacto de la pandemia en la sociedad. &#8220;Una sociedad que trata a sus enfermos ocult\u00e1ndolos, margin\u00e1ndolos al abandono es una sociedad horrible que se desentiende del lugar del otro. En este postmodernismo donde el individualismo se ha convertido en culto, recuperar el criterio de solidaridad es muy importante&#8221;, indic\u00f3.<\/p>\n<p>&#8220;Una sociedad donde ganen unos pocos no es una sociedad es una estafa. No podemos permitirnos vivir entre estafadores, s\u00ed tenemos que darnos el gusto de vivir entre solidarios. Aqu\u00ed nadie se salva solo. Trabajemos en uni\u00f3n y en unidad, cuando nos ponemos de acuerdo en cosas importantes las cosas sale&#8221;, indic\u00f3.<\/p>\n<p>Por \u00faltimo, el mandatario rememor\u00f3 los 100 a\u00f1os del nacimiento del doctor Ren\u00e9 Favaloro, a quien seg\u00fan relat\u00f3 tuvo &#8220;el gusto de ayudarlo en los momentos en los que la estaba pasando mal&#8221;, y afirm\u00f3: &#8220;En alg\u00fan lugar, Favaloro dir\u00e1 que su pr\u00e9dica no fue en vano, tuvo sentido. Es el mejor homenaje que podemos hacerle&#8221;.<\/p>\n<p>Horas antes, a trav\u00e9s de un posteo en redes sociales, destac\u00f3 el aporte gran aporte a la ciencia que encarn\u00f3 cardiocirujano argentino. &#8220;Su intachable trayectoria no solo nos motiva a seguir poniendo en valor e invirtiendo en salud p\u00fablica, sino que tambi\u00e9n nos recuerda las consecuencias de no hacerlo&#8221;, indic\u00f3, y concluy\u00f3: &#8220;El Estado debe estar presente, sobre todo para los m\u00e1s vulnerables, los mismos para quienes el doctor Favaloro volc\u00f3 toda su vocaci\u00f3n. Ese pa\u00eds estamos construyendo y en ese rumbo queremos que contin\u00fae&#8221;.<\/p>\n","protected":false},"excerpt":{"rendered":"<p>El Presidente encabez\u00f3 el inicio de las obras del primer barrio destinado a personas alojadas en la Colonia Nacional Montes de Oca, en Luj\u00e1n &nbsp; &nbsp; El presidente Alberto Fern\u00e1ndez anunci\u00f3 la construcci\u00f3n de un barrio inclusivo, el primero de ellos, destinado a alojar personas con problemas de salud mental y discapacidad intelectual en el partido bonaerense de Luj\u00e1n, en cumplimiento de la Ley Nacional de Salud Mental, y prev\u00e9 la puesta en pie de 50 viviendas destinadas a 260 personas. En compa\u00f1\u00eda de la ministra Carla Vizzotti (Salud) y&#8230;<\/p>\n","protected":false},"author":3,"featured_media":104668,"comment_status":"closed","ping_status":"closed","sticky":false,"template":"","format":"standard","meta":[],"categories":[18],"tags":[],"_links":{"self":[{"href":"https:\/\/www.actualidadadiario.com\/index.php\/wp-json\/wp\/v2\/posts\/104667"}],"collection":[{"href":"https:\/\/www.actualidadadiario.com\/index.php\/wp-json\/wp\/v2\/posts"}],"about":[{"href":"https:\/\/www.actualidadadiario.com\/index.php\/wp-json\/wp\/v2\/types\/post"}],"author":[{"embeddable":true,"href":"https:\/\/www.actualidadadiario.com\/index.php\/wp-json\/wp\/v2\/users\/3"}],"replies":[{"embeddable":true,"href":"https:\/\/www.actualidadadiario.com\/index.php\/wp-json\/wp\/v2\/comments?post=104667"}],"version-history":[{"count":1,"href":"https:\/\/www.actualidadadiario.com\/index.php\/wp-json\/wp\/v2\/posts\/104667\/revisions"}],"predecessor-version":[{"id":104669,"href":"https:\/\/www.actualidadadiario.com\/index.php\/wp-json\/wp\/v2\/posts\/104667\/revisions\/104669"}],"wp:featuredmedia":[{"embeddable":true,"href":"https:\/\/www.actualidadadiario.com\/index.php\/wp-json\/wp\/v2\/media\/104668"}],"wp:attachment":[{"href":"https:\/\/www.actualidadadiario.com\/index.php\/wp-json\/wp\/v2\/media?parent=104667"}],"wp:term":[{"taxonomy":"category","embeddable":true,"href":"https:\/\/www.actualidadadiario.com\/index.php\/wp-json\/wp\/v2\/categories?post=104667"},{"taxonomy":"post_tag","embeddable":true,"href":"https:\/\/www.actualidadadiario.com\/index.php\/wp-json\/wp\/v2\/tags?post=104667"}],"curies":[{"name":"wp","href":"https:\/\/api.w.org\/{rel}","templated":true}]}}