{"id":104664,"date":"2023-07-12T13:56:15","date_gmt":"2023-07-12T16:56:15","guid":{"rendered":"https:\/\/www.actualidadadiario.com\/?p=104664"},"modified":"2023-07-12T13:56:15","modified_gmt":"2023-07-12T16:56:15","slug":"con-datos-cristina-puso-el-foco-en-la-politica-predatoria-de-repsol-en-ypf","status":"publish","type":"post","link":"https:\/\/www.actualidadadiario.com\/index.php\/2023\/07\/12\/con-datos-cristina-puso-el-foco-en-la-politica-predatoria-de-repsol-en-ypf\/","title":{"rendered":"Con datos, Cristina puso el foco en la \u00abpol\u00edtica predatoria\u00bb de Repsol en YPF"},"content":{"rendered":"<p style=\"text-align: center;\"><em><strong>La Vicepresidenta llam\u00f3 desde su redes sociales a \u00abrepensar y reordenar el debate social por encima de los clich\u00e9s\u00bb que establecen que \u00ablo privado es mejor que lo p\u00fablico o lo extranjero mejor que lo nacional\u2026 y viceversa\u00bb. Para ello, public\u00f3 una serie de gr\u00e1ficos con datos que ponen de manifiesto c\u00f3mo fue la gesti\u00f3n que la empresa espa\u00f1ola hizo de la petrolera de bandera<\/strong><\/em><\/p>\n<p>&nbsp;<\/p>\n<p>&nbsp;<\/p>\n<p>La vicepresidenta Cristina Fern\u00e1ndez de Kirchner asegur\u00f3 este mi\u00e9rcoles que durante la gesti\u00f3n privada de YPF, desde 1997 hasta 2011, la espa\u00f1ola Repsol aplic\u00f3 una &#8220;pol\u00edtica predatoria&#8221; que redujo la producci\u00f3n de petr\u00f3leo a la mitad y tambi\u00e9n su participaci\u00f3n en el mercado, con una marcada falta de inversiones. Esos datos, dijo, sirven para &#8220;repensar y reordenar el debate social por encima de los clich\u00e9s&#8221; sobre que lo privado es mejor que lo p\u00fablico.<\/p>\n<p>Con gr\u00e1ficos que public\u00f3 en las redes sociales, que muestran con datos concretos el comportamiento de la producci\u00f3n e inversi\u00f3n en esos a\u00f1os de gesti\u00f3n privada y extranjera de YPF, la Vicepresidenta invit\u00f3 a &#8220;mirar atentamente&#8221; porque, dijo, &#8220;no todo es blanco y negro&#8221;.<\/p>\n<p>\u201cTal cual lo plante\u00e1bamos el domingo en Salliquel\u00f3, en ocasi\u00f3n de la inauguraci\u00f3n del Gasoducto Presidente N\u00e9stor Kirchner, quiero compartir algunos gr\u00e1ficos que demuestran la pol\u00edtica predatoria que tuvo la multinacional Repsol en YPF desde que \u00e9sta \u00faltima se desnacionaliz\u00f3\u201d, public\u00f3 la vicepresidenta en su cuenta de Twitter.<\/p>\n<p>En ese sentido, continu\u00f3: \u201cMiralos atentamente. Sirven para repensar y reordenar el debate social por encima de los clich\u00e9s&#8230;donde lo privado es mejor que lo p\u00fablico o lo extranjero mejor que lo nacional&#8230; y viceversa. No todo es blanco o negro\u201d.<\/p>\n<p>En el informe completo publicado por Cristina Fern\u00e1ndez Kirchner, se muestra que desde que Repsol tom\u00f3 la conducci\u00f3n de YPF, \u201cla producci\u00f3n de petr\u00f3leo se redujo un 44 por ciento, casi la mitad\u201d. Desde 1997 al 2011, Repsol YPF \u201credujo su participaci\u00f3n en el mercado en casi 8 puntos porcentuales\u201d.<\/p>\n<p>Con respecto a la producci\u00f3n gas\u00edfera, uno de los gr\u00e1ficos se\u00f1ala que \u201cuna vez agotados los yacimientos descubiertos en las etapas previas, la falta de inversiones condujo a una contracci\u00f3n en la producci\u00f3n gas\u00edfera por parte de YPF-Repsol\u201d.<\/p>\n<p>Entre 1997 y 2004 la producci\u00f3n aument\u00f3 un 33 por ciento, mientras que desde ese a\u00f1o hasta el 2011, la producci\u00f3n se redujo en un 38 por ciento.<\/p>\n<p>En el rubro espec\u00edfico de producci\u00f3n de gas, la falta de inversiones por parte de YPF-Repsol condujo a una p\u00e9rdida de m\u00e1s de 11 puntos porcentuales de su participaci\u00f3n en la producci\u00f3n gas\u00edfera local, seg\u00fan indica el gr\u00e1fico publicado por la ex presidenta.<\/p>\n<p>Por otra parte, se destac\u00f3 tambi\u00e9n que \u201cla falta de inversiones en exploraci\u00f3n condujo a una abrupta disminuci\u00f3n en las reservas de petr\u00f3leo\u201d.<\/p>\n<p>\u201cDesde 2001, las reservas de petr\u00f3leo de YPF-Repsol se redujeron en un 50 por ciento\u201d, se precis\u00f3. En tanto, \u201cdesde 1999 las reservas de gas de YPF-Repsol se redujeron en m\u00e1s de un 55 por ciento\u201d, se complet\u00f3.<\/p>\n<p>Desde otro enfoque, el informe publicado por Cristina Kirchner remarca que \u201ca pesar de haber contra\u00eddo su nivel de producci\u00f3n, YPF-Repsol logr\u00f3 m\u00e1s que duplicar sus ventas a trav\u00e9s del aumento de precios&#8221; y que &#8220;las ventas de YPF-Repsol crecieron en d\u00f3lares un 113% desde 2003\u201d.<\/p>\n<p>En ese punto, se detall\u00f3 que \u201cla contracci\u00f3n de la producci\u00f3n de YPF-Repsol se produjo en un contexto de elevada rentabilidad de la empresa\u201d.<\/p>\n<p>Entre 1997 y 2002, la utilidad neta promedi\u00f3 anualmente en 858 millones de d\u00f3lares y, desde 2003, la utilidad neta promedi\u00f3 los 1.434 millones de d\u00f3lares.<\/p>\n<p>Uno de los puntos cuestionados por el kirchnerismo es que \u201cel aumento en el nivel de rentabilidad no se tradujo en un incremento de la inversi\u00f3n&#8221;, pero &#8220;en cambio, s\u00ed hubo un aumento en los dividendos abonados&#8221; y &#8220;desde 2003, los dividendos pr\u00e1cticamente se triplicaron\u201d.<\/p>\n<p>Tambi\u00e9n se muestra que desde 2007, YPF-Repsol \u201cexpandi\u00f3 sensiblemente su nivel de endeudamiento, inici\u00e1ndose el vaciamiento final de la empresa\u201d.<\/p>\n<p>Por eso, en uno de los gr\u00e1ficos, se afirma que \u201cla pol\u00edtica de vaciamiento ejecutada por Repsol en YPF vulner\u00f3 la soberan\u00eda energ\u00e9tica que hab\u00eda alcanzado nuestro pa\u00eds tras d\u00e9cadas de inversiones\u201d.<\/p>\n<p>A ra\u00edz de esta \u201cpol\u00edtica de vaciamiento ejecutada por Repsol en YPF multiplic\u00f3 las importaciones de combustible por 11 entre los a\u00f1os 1995 y 2011\u201d.<\/p>\n<p>Dicho gr\u00e1fico se\u00f1ala que en 2011, el nivel de importaciones de combustibles pr\u00e1cticamente iguala al saldo comercial del pa\u00eds.<\/p>\n<p>Otro de los puntos que se remarca es que la pol\u00edtica de vaciamiento implic\u00f3 que, por primera vez, en 17 a\u00f1os, hubo un saldo comercial en materia de combustibles deficitario, que ascendi\u00f3 en 2011 a los -US$3.029 millones.<\/p>\n<p>El \u00faltimo gr\u00e1fico muestra que la reducci\u00f3n en el saldo comercial en materia de combustibles entre 2006 y 2011 \u201cfue del &#8211; 150 por ciento\u201d.<\/p>\n","protected":false},"excerpt":{"rendered":"<p>La Vicepresidenta llam\u00f3 desde su redes sociales a \u00abrepensar y reordenar el debate social por encima de los clich\u00e9s\u00bb que establecen que \u00ablo privado es mejor que lo p\u00fablico o lo extranjero mejor que lo nacional\u2026 y viceversa\u00bb. Para ello, public\u00f3 una serie de gr\u00e1ficos con datos que ponen de manifiesto c\u00f3mo fue la gesti\u00f3n que la empresa espa\u00f1ola hizo de la petrolera de bandera &nbsp; &nbsp; La vicepresidenta Cristina Fern\u00e1ndez de Kirchner asegur\u00f3 este mi\u00e9rcoles que durante la gesti\u00f3n privada de YPF, desde 1997 hasta 2011, la espa\u00f1ola Repsol&#8230;<\/p>\n","protected":false},"author":3,"featured_media":104665,"comment_status":"closed","ping_status":"closed","sticky":false,"template":"","format":"standard","meta":[],"categories":[18],"tags":[],"_links":{"self":[{"href":"https:\/\/www.actualidadadiario.com\/index.php\/wp-json\/wp\/v2\/posts\/104664"}],"collection":[{"href":"https:\/\/www.actualidadadiario.com\/index.php\/wp-json\/wp\/v2\/posts"}],"about":[{"href":"https:\/\/www.actualidadadiario.com\/index.php\/wp-json\/wp\/v2\/types\/post"}],"author":[{"embeddable":true,"href":"https:\/\/www.actualidadadiario.com\/index.php\/wp-json\/wp\/v2\/users\/3"}],"replies":[{"embeddable":true,"href":"https:\/\/www.actualidadadiario.com\/index.php\/wp-json\/wp\/v2\/comments?post=104664"}],"version-history":[{"count":1,"href":"https:\/\/www.actualidadadiario.com\/index.php\/wp-json\/wp\/v2\/posts\/104664\/revisions"}],"predecessor-version":[{"id":104666,"href":"https:\/\/www.actualidadadiario.com\/index.php\/wp-json\/wp\/v2\/posts\/104664\/revisions\/104666"}],"wp:featuredmedia":[{"embeddable":true,"href":"https:\/\/www.actualidadadiario.com\/index.php\/wp-json\/wp\/v2\/media\/104665"}],"wp:attachment":[{"href":"https:\/\/www.actualidadadiario.com\/index.php\/wp-json\/wp\/v2\/media?parent=104664"}],"wp:term":[{"taxonomy":"category","embeddable":true,"href":"https:\/\/www.actualidadadiario.com\/index.php\/wp-json\/wp\/v2\/categories?post=104664"},{"taxonomy":"post_tag","embeddable":true,"href":"https:\/\/www.actualidadadiario.com\/index.php\/wp-json\/wp\/v2\/tags?post=104664"}],"curies":[{"name":"wp","href":"https:\/\/api.w.org\/{rel}","templated":true}]}}