{"id":104662,"date":"2023-07-12T13:55:33","date_gmt":"2023-07-12T16:55:33","guid":{"rendered":"https:\/\/www.actualidadadiario.com\/?p=104662"},"modified":"2023-07-12T13:55:33","modified_gmt":"2023-07-12T16:55:33","slug":"larreta-presenta-su-plan-para-el-campo-en-cordoba","status":"publish","type":"post","link":"https:\/\/www.actualidadadiario.com\/index.php\/2023\/07\/12\/larreta-presenta-su-plan-para-el-campo-en-cordoba\/","title":{"rendered":"Larreta presenta su plan para el campo en C\u00f3rdoba"},"content":{"rendered":"<p style=\"text-align: center;\"><em><strong>En el evento, se dar\u00e1n a conocer las propuestas para el sector agropecuario<\/strong><\/em><\/p>\n<p>&nbsp;<\/p>\n<p>&nbsp;<\/p>\n<p>El precandidato presidencial de Juntos por el Cambio (JxC) y jefe de Gobierno porte\u00f1o, Horacio Rodr\u00edguez Larreta, presentar\u00e1 hoy en la provincia de C\u00f3rdoba sus propuestas para el sector agropecuario.<\/p>\n<p>La actividad proselitista del rival de Patricia Bullrich en la interna de JxC tendr\u00e1 como escenario la ciudad de R\u00edo Cuarto.<\/p>\n<p>De esta forma, Larreta continuar\u00e1 presentando sus propuestas electorales de cara a las PASO del 13 de agosto pr\u00f3ximo.<\/p>\n<p>En Corrientes, el precandidato del PRO expuso la propuesta vinculada al campo laboral, en San Luis lo hizo sobre educaci\u00f3n y en General Rodr\u00edguez, provincia de Buenos Aires, present\u00f3 su propuesta sobre \u201cel fin de los privilegios\u201d.<\/p>\n","protected":false},"excerpt":{"rendered":"<p>En el evento, se dar\u00e1n a conocer las propuestas para el sector agropecuario &nbsp; &nbsp; El precandidato presidencial de Juntos por el Cambio (JxC) y jefe de Gobierno porte\u00f1o, Horacio Rodr\u00edguez Larreta, presentar\u00e1 hoy en la provincia de C\u00f3rdoba sus propuestas para el sector agropecuario. La actividad proselitista del rival de Patricia Bullrich en la interna de JxC tendr\u00e1 como escenario la ciudad de R\u00edo Cuarto. De esta forma, Larreta continuar\u00e1 presentando sus propuestas electorales de cara a las PASO del 13 de agosto pr\u00f3ximo. En Corrientes, el precandidato del&#8230;<\/p>\n","protected":false},"author":3,"featured_media":103521,"comment_status":"closed","ping_status":"closed","sticky":false,"template":"","format":"standard","meta":[],"categories":[18],"tags":[],"_links":{"self":[{"href":"https:\/\/www.actualidadadiario.com\/index.php\/wp-json\/wp\/v2\/posts\/104662"}],"collection":[{"href":"https:\/\/www.actualidadadiario.com\/index.php\/wp-json\/wp\/v2\/posts"}],"about":[{"href":"https:\/\/www.actualidadadiario.com\/index.php\/wp-json\/wp\/v2\/types\/post"}],"author":[{"embeddable":true,"href":"https:\/\/www.actualidadadiario.com\/index.php\/wp-json\/wp\/v2\/users\/3"}],"replies":[{"embeddable":true,"href":"https:\/\/www.actualidadadiario.com\/index.php\/wp-json\/wp\/v2\/comments?post=104662"}],"version-history":[{"count":1,"href":"https:\/\/www.actualidadadiario.com\/index.php\/wp-json\/wp\/v2\/posts\/104662\/revisions"}],"predecessor-version":[{"id":104663,"href":"https:\/\/www.actualidadadiario.com\/index.php\/wp-json\/wp\/v2\/posts\/104662\/revisions\/104663"}],"wp:featuredmedia":[{"embeddable":true,"href":"https:\/\/www.actualidadadiario.com\/index.php\/wp-json\/wp\/v2\/media\/103521"}],"wp:attachment":[{"href":"https:\/\/www.actualidadadiario.com\/index.php\/wp-json\/wp\/v2\/media?parent=104662"}],"wp:term":[{"taxonomy":"category","embeddable":true,"href":"https:\/\/www.actualidadadiario.com\/index.php\/wp-json\/wp\/v2\/categories?post=104662"},{"taxonomy":"post_tag","embeddable":true,"href":"https:\/\/www.actualidadadiario.com\/index.php\/wp-json\/wp\/v2\/tags?post=104662"}],"curies":[{"name":"wp","href":"https:\/\/api.w.org\/{rel}","templated":true}]}}