{"id":104659,"date":"2023-07-12T13:54:43","date_gmt":"2023-07-12T16:54:43","guid":{"rendered":"https:\/\/www.actualidadadiario.com\/?p=104659"},"modified":"2023-07-12T13:54:43","modified_gmt":"2023-07-12T16:54:43","slug":"el-oficialismo-no-reunio-quorum-y-se-cayo-la-sesion-en-el-senado","status":"publish","type":"post","link":"https:\/\/www.actualidadadiario.com\/index.php\/2023\/07\/12\/el-oficialismo-no-reunio-quorum-y-se-cayo-la-sesion-en-el-senado\/","title":{"rendered":"El oficialismo no reuni\u00f3 qu\u00f3rum y se cay\u00f3 la sesi\u00f3n en el Senado"},"content":{"rendered":"<p style=\"text-align: center;\"><em><strong>A pesar de las negociaciones con aliados, el Frente de Todos no consigui\u00f3 los n\u00fameros para sesionar y tratar decenas de pliegos judiciales<\/strong><\/em><\/p>\n<p>&nbsp;<\/p>\n<p>&nbsp;<\/p>\n<p>El oficialismo sufri\u00f3 un nuevo traspi\u00e9 en el Senado luego de que se cayera la sesi\u00f3n convocada para este mi\u00e9rcoles por falta de qu\u00f3rum. En la misma estaba previsto tratar una lista de 75 funcionarios judiciales designados por el Poder Ejecutivo, con el objetivo de prestar acuerdo para que se integraran a c\u00e1maras, juzgados, defensor\u00edas y fiscal\u00edas de todo el pa\u00eds, entre otros temas pendientes.<\/p>\n<p>Vale destacar que entre los nombres a analizar se destacaba el de Ana Mar\u00eda Figueroa, camarista clave para el futuro judicial de Cristina Kirchner.<\/p>\n<p>Las negociaciones en busca de aliados no llegaron a buen puerto para el Frente de Todos, en donde cre\u00edan tener los n\u00fameros necesarios de legisladores para comenzar la sesi\u00f3n.<\/p>\n<p>Sin embargo, a \u00faltimo momento se bajaron Edgardo Kueider y Guillermo Snopek, del bloque Unidad Federal, a quienes ayer contaban como presentes.<\/p>\n","protected":false},"excerpt":{"rendered":"<p>A pesar de las negociaciones con aliados, el Frente de Todos no consigui\u00f3 los n\u00fameros para sesionar y tratar decenas de pliegos judiciales &nbsp; &nbsp; El oficialismo sufri\u00f3 un nuevo traspi\u00e9 en el Senado luego de que se cayera la sesi\u00f3n convocada para este mi\u00e9rcoles por falta de qu\u00f3rum. En la misma estaba previsto tratar una lista de 75 funcionarios judiciales designados por el Poder Ejecutivo, con el objetivo de prestar acuerdo para que se integraran a c\u00e1maras, juzgados, defensor\u00edas y fiscal\u00edas de todo el pa\u00eds, entre otros temas pendientes&#8230;.<\/p>\n","protected":false},"author":3,"featured_media":104660,"comment_status":"closed","ping_status":"closed","sticky":false,"template":"","format":"standard","meta":[],"categories":[18],"tags":[],"_links":{"self":[{"href":"https:\/\/www.actualidadadiario.com\/index.php\/wp-json\/wp\/v2\/posts\/104659"}],"collection":[{"href":"https:\/\/www.actualidadadiario.com\/index.php\/wp-json\/wp\/v2\/posts"}],"about":[{"href":"https:\/\/www.actualidadadiario.com\/index.php\/wp-json\/wp\/v2\/types\/post"}],"author":[{"embeddable":true,"href":"https:\/\/www.actualidadadiario.com\/index.php\/wp-json\/wp\/v2\/users\/3"}],"replies":[{"embeddable":true,"href":"https:\/\/www.actualidadadiario.com\/index.php\/wp-json\/wp\/v2\/comments?post=104659"}],"version-history":[{"count":1,"href":"https:\/\/www.actualidadadiario.com\/index.php\/wp-json\/wp\/v2\/posts\/104659\/revisions"}],"predecessor-version":[{"id":104661,"href":"https:\/\/www.actualidadadiario.com\/index.php\/wp-json\/wp\/v2\/posts\/104659\/revisions\/104661"}],"wp:featuredmedia":[{"embeddable":true,"href":"https:\/\/www.actualidadadiario.com\/index.php\/wp-json\/wp\/v2\/media\/104660"}],"wp:attachment":[{"href":"https:\/\/www.actualidadadiario.com\/index.php\/wp-json\/wp\/v2\/media?parent=104659"}],"wp:term":[{"taxonomy":"category","embeddable":true,"href":"https:\/\/www.actualidadadiario.com\/index.php\/wp-json\/wp\/v2\/categories?post=104659"},{"taxonomy":"post_tag","embeddable":true,"href":"https:\/\/www.actualidadadiario.com\/index.php\/wp-json\/wp\/v2\/tags?post=104659"}],"curies":[{"name":"wp","href":"https:\/\/api.w.org\/{rel}","templated":true}]}}