{"id":104654,"date":"2023-07-12T13:29:18","date_gmt":"2023-07-12T16:29:18","guid":{"rendered":"https:\/\/www.actualidadadiario.com\/?p=104654"},"modified":"2023-07-12T13:29:18","modified_gmt":"2023-07-12T16:29:18","slug":"el-tribunal-electoral-le-ordeno-a-google-bajar-los-sitios-web-con-agravios-contra-maximiliano-pullaro","status":"publish","type":"post","link":"https:\/\/www.actualidadadiario.com\/index.php\/2023\/07\/12\/el-tribunal-electoral-le-ordeno-a-google-bajar-los-sitios-web-con-agravios-contra-maximiliano-pullaro\/","title":{"rendered":"El Tribunal Electoral le orden\u00f3 a Google bajar los sitios web con &#8220;agravios&#8221; contra Maximiliano Pullaro"},"content":{"rendered":"<p style=\"text-align: center;\"><em><strong>Como sucedi\u00f3 con Carolina Losada, la Justicia electoral de Santa Fe consider\u00f3 que no se trata del contenido publicado, sino el anonimato de las p\u00e1ginas de Internet cuestionadas, lo cual &#8220;violenta la normativa que rige sobre transparencia de las campa\u00f1as electorales&#8221;<\/strong><\/em><\/p>\n<p>&nbsp;<\/p>\n<p>&nbsp;<\/p>\n<p>&nbsp;<\/p>\n<p>A s\u00f3lo d\u00edas de las elecciones primarias en Santa Fe y en medio de la dura interna provincial de Juntos por el Cambio (JxC), el Tribunal Electoral Provincial (TEP) provincial ahora orden\u00f3 a Google Argentina SRL dar de baja las publicaciones de dos sitios web sobre el precandidato a gobernador de JxC Maximiliano Pullaro, quien hizo la petici\u00f3n al considerar que difund\u00edan \u201cagravios\u201d en su contra.<\/p>\n<p>Lo mismo hab\u00eda ocurrido la semana pasada con la precandidata a gobernadora y competidora de Pullaro en la interna,\u00a0 Carolina Losada, el TEP orden\u00f3 dar de baja dos de los tres sitios web denunciados por el apoderado de la lista &#8220;Santa Fe puede&#8221;, quien se\u00f1al\u00f3 que los anuncios y publicaciones \u201cdesacreditaban\u201d a la dirigente.<\/p>\n<p>En el caso de Pullaro, para el Tribunal, no se trata del contenido publicado lo que determina la resoluci\u00f3n favorable sino el anonimato de las p\u00e1ginas de Internet cuestionadas, lo cual &#8220;violenta la normativa que rige sobre transparencia de las campa\u00f1as electorales y rendici\u00f3n de sus gastos&#8221;.<\/p>\n<p>En su escrito, el apoderado de la lista del radical Pullaro sostuvo que a diferencia de lo ocurrido con el caso Losada, sobre quien se difund\u00edan declaraciones suyas editadas, en los sitios web denunciados se publicaban noticias falsas.<\/p>\n<p>De todos modos, el Tribunal adopt\u00f3 el mismo criterio que en el planteo de Losada, y volvi\u00f3 a recordar a los precandidatos &#8220;que las buenas pr\u00e1cticas democr\u00e1ticas son una responsabilidad indelegable de los l\u00edderes partidarios&#8221;. A la vez, los exhort\u00f3 a que &#8220;se esfuercen en hacer una campa\u00f1a limpia, rigurosa con los datos, transparente y evitando la difamaci\u00f3n&#8221;.<\/p>\n<p>La resoluci\u00f3n tambi\u00e9n solicita a Google Argentina que brinde la informaci\u00f3n de la que disponga &#8220;que permita identificar al autor de los anuncios y origen de los fondos de la publicaci\u00f3n en cuesti\u00f3n&#8221;.<\/p>\n<p>La interna de Cambia Santa Fe, nombre provincial de Juntos por el Cambio,\u00a0 de la que tambi\u00e9n participa como precandidata a gobernador la socialista M\u00f3nica Fein, se centr\u00f3 en un cruce de acusaciones entre Losada y Pullaro. La senadora relacion\u00f3 al exministro de Seguridad y actual diputado provincial con el narcotr\u00e1fico, y lo acus\u00f3 de financiar publicaciones en redes sociales con el fin de &#8220;difamarla&#8221;.<\/p>\n<p>La semana pasada, la precandidata a gobernadora afirm\u00f3 que si pierde las PASO del pr\u00f3ximo domingo no acompa\u00f1ar\u00e1 a Pullaro en la campa\u00f1a de los comicios generales por &#8220;diferencias \u00e9ticas&#8221;.<\/p>\n","protected":false},"excerpt":{"rendered":"<p>Como sucedi\u00f3 con Carolina Losada, la Justicia electoral de Santa Fe consider\u00f3 que no se trata del contenido publicado, sino el anonimato de las p\u00e1ginas de Internet cuestionadas, lo cual &#8220;violenta la normativa que rige sobre transparencia de las campa\u00f1as electorales&#8221; &nbsp; &nbsp; &nbsp; A s\u00f3lo d\u00edas de las elecciones primarias en Santa Fe y en medio de la dura interna provincial de Juntos por el Cambio (JxC), el Tribunal Electoral Provincial (TEP) provincial ahora orden\u00f3 a Google Argentina SRL dar de baja las publicaciones de dos sitios web sobre&#8230;<\/p>\n","protected":false},"author":3,"featured_media":104655,"comment_status":"closed","ping_status":"closed","sticky":false,"template":"","format":"standard","meta":[],"categories":[18],"tags":[],"_links":{"self":[{"href":"https:\/\/www.actualidadadiario.com\/index.php\/wp-json\/wp\/v2\/posts\/104654"}],"collection":[{"href":"https:\/\/www.actualidadadiario.com\/index.php\/wp-json\/wp\/v2\/posts"}],"about":[{"href":"https:\/\/www.actualidadadiario.com\/index.php\/wp-json\/wp\/v2\/types\/post"}],"author":[{"embeddable":true,"href":"https:\/\/www.actualidadadiario.com\/index.php\/wp-json\/wp\/v2\/users\/3"}],"replies":[{"embeddable":true,"href":"https:\/\/www.actualidadadiario.com\/index.php\/wp-json\/wp\/v2\/comments?post=104654"}],"version-history":[{"count":1,"href":"https:\/\/www.actualidadadiario.com\/index.php\/wp-json\/wp\/v2\/posts\/104654\/revisions"}],"predecessor-version":[{"id":104656,"href":"https:\/\/www.actualidadadiario.com\/index.php\/wp-json\/wp\/v2\/posts\/104654\/revisions\/104656"}],"wp:featuredmedia":[{"embeddable":true,"href":"https:\/\/www.actualidadadiario.com\/index.php\/wp-json\/wp\/v2\/media\/104655"}],"wp:attachment":[{"href":"https:\/\/www.actualidadadiario.com\/index.php\/wp-json\/wp\/v2\/media?parent=104654"}],"wp:term":[{"taxonomy":"category","embeddable":true,"href":"https:\/\/www.actualidadadiario.com\/index.php\/wp-json\/wp\/v2\/categories?post=104654"},{"taxonomy":"post_tag","embeddable":true,"href":"https:\/\/www.actualidadadiario.com\/index.php\/wp-json\/wp\/v2\/tags?post=104654"}],"curies":[{"name":"wp","href":"https:\/\/api.w.org\/{rel}","templated":true}]}}