{"id":104646,"date":"2023-07-12T13:26:20","date_gmt":"2023-07-12T16:26:20","guid":{"rendered":"https:\/\/www.actualidadadiario.com\/?p=104646"},"modified":"2023-07-12T13:26:20","modified_gmt":"2023-07-12T16:26:20","slug":"el-indec-difunde-la-inflacion-de-junio-y-economia-confia-en-una-nueva-desaceleracion","status":"publish","type":"post","link":"https:\/\/www.actualidadadiario.com\/index.php\/2023\/07\/12\/el-indec-difunde-la-inflacion-de-junio-y-economia-confia-en-una-nueva-desaceleracion\/","title":{"rendered":"El INDEC difunde la inflaci\u00f3n de junio y Econom\u00eda conf\u00eda en una nueva desaceleraci\u00f3n"},"content":{"rendered":"<p style=\"text-align: center;\"><em><strong>El informe se publicar\u00e1 ma\u00f1ana a las 16. Los datos privados adelantan esta tendencia<\/strong><\/em><\/p>\n<p>&nbsp;<\/p>\n<p>&nbsp;<\/p>\n<p>El Instituto Nacional de Estad\u00edstica y Censos (INDEC) difundir\u00e1 ma\u00f1ana la evoluci\u00f3n de los precios de junio y el equipo econ\u00f3mico conf\u00eda en que se afiance una tendencia de desaceleraci\u00f3n.<\/p>\n<p>Los datos anticipados por las consultoras privadas dan cuenta de este comportamiento de los precios, aunque este declino tiene como dato asociado una merma en el nivel de actividad.<\/p>\n<p>No obstante, en el Palacio de Hacienda se inclinan por subrayar que luego del preocupante 8,4% de abril, la inflaci\u00f3n se ubic\u00f3 en 7,8% en mayo y habr\u00eda descendido otro escal\u00f3n en junio.<\/p>\n<p>Si bien reconocen que es un escal\u00f3n alt\u00edsimo el alivio se percibe por haberse quebrado la inercia alcista y en lugar de empinar hacia los dos d\u00edgitos recort\u00f3 levemente su ritmo.<\/p>\n<p>El promedio de los estudios de los analistas marcan que la suba de precios del mes pasado est\u00e1 en el rango de 7,2%\/7,4%, lo cual confirmar\u00eda el cambio de tendencia, pero advierten que de ninguna manera se puede tomar como definitivo.<\/p>\n<p>En el equipo econ\u00f3mico tienen la ilusi\u00f3n que la marca empiece con \u201c6\u201d porque de esa manera fortalecer\u00eda el discurso oficial sobre la gesti\u00f3n en materia de precios.<\/p>\n<p>El factor que explica la reducci\u00f3n del ritmo inflacionario es un menor aumento en los alimentos. Los trabajos privados puntualizan que la carne subi\u00f3 menos que el promedio de los dem\u00e1s productos y que el pollo estabiliz\u00f3 un valor pasada la gripe aviar. Adem\u00e1s al superarse la sequ\u00eda mejor\u00f3 la oferta de frutas y verduras amortiguando los avances.<\/p>\n<p>En junio los mayores incrementos vienen dado por lo que significa el gasto en el hogar tanto en alquileres como en los servicios p\u00fablicos, que sufrieron fuertes subas el mes pasado.<\/p>\n<p>Asimismo, los primeros trabajos con relaci\u00f3n a julio, permiten inferior que al menos durante el inicio del mes esta tendencia de desaceleraci\u00f3n se mantuviera.<\/p>\n<p>El dato negativo es que la baja de la inflaci\u00f3n est\u00e1 combinada por una disminuci\u00f3n en el consumo y en el nivel de actividad producto de la p\u00e9rdida de poder adquisitivo de los ingresos.<\/p>\n","protected":false},"excerpt":{"rendered":"<p>El informe se publicar\u00e1 ma\u00f1ana a las 16. Los datos privados adelantan esta tendencia &nbsp; &nbsp; El Instituto Nacional de Estad\u00edstica y Censos (INDEC) difundir\u00e1 ma\u00f1ana la evoluci\u00f3n de los precios de junio y el equipo econ\u00f3mico conf\u00eda en que se afiance una tendencia de desaceleraci\u00f3n. Los datos anticipados por las consultoras privadas dan cuenta de este comportamiento de los precios, aunque este declino tiene como dato asociado una merma en el nivel de actividad. No obstante, en el Palacio de Hacienda se inclinan por subrayar que luego del preocupante&#8230;<\/p>\n","protected":false},"author":3,"featured_media":104540,"comment_status":"closed","ping_status":"closed","sticky":false,"template":"","format":"standard","meta":[],"categories":[2],"tags":[],"_links":{"self":[{"href":"https:\/\/www.actualidadadiario.com\/index.php\/wp-json\/wp\/v2\/posts\/104646"}],"collection":[{"href":"https:\/\/www.actualidadadiario.com\/index.php\/wp-json\/wp\/v2\/posts"}],"about":[{"href":"https:\/\/www.actualidadadiario.com\/index.php\/wp-json\/wp\/v2\/types\/post"}],"author":[{"embeddable":true,"href":"https:\/\/www.actualidadadiario.com\/index.php\/wp-json\/wp\/v2\/users\/3"}],"replies":[{"embeddable":true,"href":"https:\/\/www.actualidadadiario.com\/index.php\/wp-json\/wp\/v2\/comments?post=104646"}],"version-history":[{"count":1,"href":"https:\/\/www.actualidadadiario.com\/index.php\/wp-json\/wp\/v2\/posts\/104646\/revisions"}],"predecessor-version":[{"id":104647,"href":"https:\/\/www.actualidadadiario.com\/index.php\/wp-json\/wp\/v2\/posts\/104646\/revisions\/104647"}],"wp:featuredmedia":[{"embeddable":true,"href":"https:\/\/www.actualidadadiario.com\/index.php\/wp-json\/wp\/v2\/media\/104540"}],"wp:attachment":[{"href":"https:\/\/www.actualidadadiario.com\/index.php\/wp-json\/wp\/v2\/media?parent=104646"}],"wp:term":[{"taxonomy":"category","embeddable":true,"href":"https:\/\/www.actualidadadiario.com\/index.php\/wp-json\/wp\/v2\/categories?post=104646"},{"taxonomy":"post_tag","embeddable":true,"href":"https:\/\/www.actualidadadiario.com\/index.php\/wp-json\/wp\/v2\/tags?post=104646"}],"curies":[{"name":"wp","href":"https:\/\/api.w.org\/{rel}","templated":true}]}}