{"id":104627,"date":"2023-07-12T12:14:56","date_gmt":"2023-07-12T15:14:56","guid":{"rendered":"https:\/\/www.actualidadadiario.com\/?p=104627"},"modified":"2023-07-12T12:14:56","modified_gmt":"2023-07-12T15:14:56","slug":"tres-alertas-en-entre-rios-en-una-zona-el-nivel-de-advertencia-subio-a-naranja","status":"publish","type":"post","link":"https:\/\/www.actualidadadiario.com\/index.php\/2023\/07\/12\/tres-alertas-en-entre-rios-en-una-zona-el-nivel-de-advertencia-subio-a-naranja\/","title":{"rendered":"Tres alertas en Entre R\u00edos: en una zona el nivel de advertencia subi\u00f3 a naranja"},"content":{"rendered":"<p style=\"text-align: center;\"><em><strong>Rigen tres alertas en Entre R\u00edos: una por tormentas, otra por lluvias y la restante por fuertes vientos. En un sector se elev\u00f3 a naranja el nivel de advertencia por precipitaciones que llegar\u00edan a 90 mil\u00edmetros. Mejorar\u00eda el jueves<\/strong><\/em><\/p>\n<p>&nbsp;<\/p>\n<p>&nbsp;<\/p>\n<p>El Servicio Meteorol\u00f3gico Nacional emiti\u00f3 esta madrugada tres alertas para Entre R\u00edos: una por tormentas, otra por lluvias y la restante por fuertes vientos.<\/p>\n<p>&nbsp;<\/p>\n<p><strong>Alerta por tormenta<\/strong><\/p>\n<p>La advertencia amarilla por tormentas rige para este mi\u00e9rcoles por la ma\u00f1ana en la mayor parte de la provincia.<\/p>\n<p>Las mismas podr\u00edan ser \u201clocalmente fuertes\u201d. Se espera que \u201cest\u00e9n acompa\u00f1adas por r\u00e1fagas, intensa actividad el\u00e9ctrica, ocasional ca\u00edda de granizo y fundamentalmente abundante ca\u00edda de agua en cortos periodos\u201d.<\/p>\n<p>&nbsp;<\/p>\n<p><strong>Alerta por lluvias<\/strong><\/p>\n<p>Al menos hasta la tarde, el \u00e1rea ser\u00e1 afectada por \u201clluvias persistentes de intensidad moderada u ocasionalmente fuerte.\u201d Se prev\u00e9n \u201cvalores de precipitaci\u00f3n acumulada entre 20 y 50 mil\u00edmetros, los cuales podr\u00edan ser superados localmente\u201d.<\/p>\n<p>&nbsp;<\/p>\n<p><strong>Alerta naranja<\/strong><\/p>\n<p>En la zona este, los departamentos Col\u00f3n, Gualeguaych\u00fa, Islas del Ibicuy, Tala y Uruguay ser\u00edan afectados, principalmente esta tarde, por \u201clluvias persistentes de intensidad moderada a fuerte. Se prev\u00e9n valores de precipitaci\u00f3n acumulada entre 50 y 90 mil\u00edmetros, los cuales podr\u00edan ser superados localmente\u201d.<\/p>\n<p>&nbsp;<\/p>\n<p><strong>Viento<\/strong><\/p>\n<p>Se alert\u00f3 que habr\u00e1 vientos del sudeste rotando al sur, con velocidades entre 30 y 45 km\/h, y r\u00e1fagas de hasta 70 km\/h.<\/p>\n<p>&nbsp;<\/p>\n<p><strong>Cu\u00e1ndo mejora<\/strong><\/p>\n<p>Luego, el avance del sistema frontal fr\u00edo de sur a norte har\u00e1 que las condiciones mejoren con un descenso marcado de la temperatura a partir del jueves sobre la franja central del pa\u00eds que se potenciar\u00e1 durante el viernes, siendo uno de los d\u00edas m\u00e1s fr\u00edos de la semana.<\/p>\n<p>Desde el jueves a la tarde ya no se prev\u00e9n precipitaciones en Entre R\u00edos y las m\u00ednimas el viernes estar\u00edan por debajo de 5 grados, mientras que los registros t\u00e9rmicos m\u00e1ximos rondar\u00edan los 12 grados.<\/p>\n","protected":false},"excerpt":{"rendered":"<p>Rigen tres alertas en Entre R\u00edos: una por tormentas, otra por lluvias y la restante por fuertes vientos. En un sector se elev\u00f3 a naranja el nivel de advertencia por precipitaciones que llegar\u00edan a 90 mil\u00edmetros. Mejorar\u00eda el jueves &nbsp; &nbsp; El Servicio Meteorol\u00f3gico Nacional emiti\u00f3 esta madrugada tres alertas para Entre R\u00edos: una por tormentas, otra por lluvias y la restante por fuertes vientos. &nbsp; Alerta por tormenta La advertencia amarilla por tormentas rige para este mi\u00e9rcoles por la ma\u00f1ana en la mayor parte de la provincia. Las mismas&#8230;<\/p>\n","protected":false},"author":3,"featured_media":79602,"comment_status":"closed","ping_status":"closed","sticky":false,"template":"","format":"standard","meta":[],"categories":[15],"tags":[],"_links":{"self":[{"href":"https:\/\/www.actualidadadiario.com\/index.php\/wp-json\/wp\/v2\/posts\/104627"}],"collection":[{"href":"https:\/\/www.actualidadadiario.com\/index.php\/wp-json\/wp\/v2\/posts"}],"about":[{"href":"https:\/\/www.actualidadadiario.com\/index.php\/wp-json\/wp\/v2\/types\/post"}],"author":[{"embeddable":true,"href":"https:\/\/www.actualidadadiario.com\/index.php\/wp-json\/wp\/v2\/users\/3"}],"replies":[{"embeddable":true,"href":"https:\/\/www.actualidadadiario.com\/index.php\/wp-json\/wp\/v2\/comments?post=104627"}],"version-history":[{"count":1,"href":"https:\/\/www.actualidadadiario.com\/index.php\/wp-json\/wp\/v2\/posts\/104627\/revisions"}],"predecessor-version":[{"id":104628,"href":"https:\/\/www.actualidadadiario.com\/index.php\/wp-json\/wp\/v2\/posts\/104627\/revisions\/104628"}],"wp:featuredmedia":[{"embeddable":true,"href":"https:\/\/www.actualidadadiario.com\/index.php\/wp-json\/wp\/v2\/media\/79602"}],"wp:attachment":[{"href":"https:\/\/www.actualidadadiario.com\/index.php\/wp-json\/wp\/v2\/media?parent=104627"}],"wp:term":[{"taxonomy":"category","embeddable":true,"href":"https:\/\/www.actualidadadiario.com\/index.php\/wp-json\/wp\/v2\/categories?post=104627"},{"taxonomy":"post_tag","embeddable":true,"href":"https:\/\/www.actualidadadiario.com\/index.php\/wp-json\/wp\/v2\/tags?post=104627"}],"curies":[{"name":"wp","href":"https:\/\/api.w.org\/{rel}","templated":true}]}}