{"id":104624,"date":"2023-07-12T12:14:02","date_gmt":"2023-07-12T15:14:02","guid":{"rendered":"https:\/\/www.actualidadadiario.com\/?p=104624"},"modified":"2023-07-12T12:14:02","modified_gmt":"2023-07-12T15:14:02","slug":"patricia-bullrich-llegara-este-viernes-a-entre-rios","status":"publish","type":"post","link":"https:\/\/www.actualidadadiario.com\/index.php\/2023\/07\/12\/patricia-bullrich-llegara-este-viernes-a-entre-rios\/","title":{"rendered":"Patricia Bullrich llegar\u00e1 este viernes a Entre R\u00edos"},"content":{"rendered":"<p style=\"text-align: center;\"><em><strong>La precandidata a presidenta por Juntos por el Cambio, Patricia Bullrich, arribar\u00e1 a Entre R\u00edos el viernes 14 de julio y realizar\u00e1 actividades de campa\u00f1a a\u00fan a confirmar, adelantaron fuentes partidarias<\/strong><\/em><\/p>\n<p>&nbsp;<\/p>\n<p>&nbsp;<\/p>\n<p>Bullrich estar\u00e1 en Paran\u00e1 y Diamante durante el viernes. En un primer momento, la precandidata iba a visitar la ciudad de Concordia, pero finalmente el destino principal en Entre R\u00edos ser\u00e1 la capital provincial.<\/p>\n<p>La agenda que desarrollar\u00e1 en ambas ciudades no est\u00e1 definida, aunque se descarta que ser\u00e1 acompa\u00f1ada por el precandidato a la gobernaci\u00f3n, Rogelio Frigerio.<\/p>\n","protected":false},"excerpt":{"rendered":"<p>La precandidata a presidenta por Juntos por el Cambio, Patricia Bullrich, arribar\u00e1 a Entre R\u00edos el viernes 14 de julio y realizar\u00e1 actividades de campa\u00f1a a\u00fan a confirmar, adelantaron fuentes partidarias &nbsp; &nbsp; Bullrich estar\u00e1 en Paran\u00e1 y Diamante durante el viernes. En un primer momento, la precandidata iba a visitar la ciudad de Concordia, pero finalmente el destino principal en Entre R\u00edos ser\u00e1 la capital provincial. La agenda que desarrollar\u00e1 en ambas ciudades no est\u00e1 definida, aunque se descarta que ser\u00e1 acompa\u00f1ada por el precandidato a la gobernaci\u00f3n, Rogelio&#8230;<\/p>\n","protected":false},"author":3,"featured_media":104625,"comment_status":"closed","ping_status":"closed","sticky":false,"template":"","format":"standard","meta":[],"categories":[15],"tags":[],"_links":{"self":[{"href":"https:\/\/www.actualidadadiario.com\/index.php\/wp-json\/wp\/v2\/posts\/104624"}],"collection":[{"href":"https:\/\/www.actualidadadiario.com\/index.php\/wp-json\/wp\/v2\/posts"}],"about":[{"href":"https:\/\/www.actualidadadiario.com\/index.php\/wp-json\/wp\/v2\/types\/post"}],"author":[{"embeddable":true,"href":"https:\/\/www.actualidadadiario.com\/index.php\/wp-json\/wp\/v2\/users\/3"}],"replies":[{"embeddable":true,"href":"https:\/\/www.actualidadadiario.com\/index.php\/wp-json\/wp\/v2\/comments?post=104624"}],"version-history":[{"count":1,"href":"https:\/\/www.actualidadadiario.com\/index.php\/wp-json\/wp\/v2\/posts\/104624\/revisions"}],"predecessor-version":[{"id":104626,"href":"https:\/\/www.actualidadadiario.com\/index.php\/wp-json\/wp\/v2\/posts\/104624\/revisions\/104626"}],"wp:featuredmedia":[{"embeddable":true,"href":"https:\/\/www.actualidadadiario.com\/index.php\/wp-json\/wp\/v2\/media\/104625"}],"wp:attachment":[{"href":"https:\/\/www.actualidadadiario.com\/index.php\/wp-json\/wp\/v2\/media?parent=104624"}],"wp:term":[{"taxonomy":"category","embeddable":true,"href":"https:\/\/www.actualidadadiario.com\/index.php\/wp-json\/wp\/v2\/categories?post=104624"},{"taxonomy":"post_tag","embeddable":true,"href":"https:\/\/www.actualidadadiario.com\/index.php\/wp-json\/wp\/v2\/tags?post=104624"}],"curies":[{"name":"wp","href":"https:\/\/api.w.org\/{rel}","templated":true}]}}