{"id":104622,"date":"2023-07-12T12:13:11","date_gmt":"2023-07-12T15:13:11","guid":{"rendered":"https:\/\/www.actualidadadiario.com\/?p=104622"},"modified":"2023-07-12T12:13:11","modified_gmt":"2023-07-12T15:13:11","slug":"el-museo-de-salto-grande-presentara-tres-periodos-de-la-obra-del-reconocido-artista-concordiense-nicolas-passarella-2","status":"publish","type":"post","link":"https:\/\/www.actualidadadiario.com\/index.php\/2023\/07\/12\/el-museo-de-salto-grande-presentara-tres-periodos-de-la-obra-del-reconocido-artista-concordiense-nicolas-passarella-2\/","title":{"rendered":"El Museo de Salto Grande presentar\u00e1 tres per\u00edodos de la obra del reconocido artista concordiense Nicol\u00e1s Passarella"},"content":{"rendered":"<p style=\"text-align: center;\"><em><strong>El acto de apertura de la Muestra ser\u00e1 este jueves 13 de julio, a las 20:00 horas, con entrada abierta al p\u00fablico. Adem\u00e1s, Salto Grande pondr\u00e1 a disposici\u00f3n servicio de transporte para asistir al evento<\/strong><\/em><\/p>\n<p>&nbsp;<\/p>\n<p>&nbsp;<\/p>\n<p>En esta oportunidad, el Museo y Centro Cultural Salto Grande presentar\u00e1 a Nicol\u00e1s Passarella, reconocido artista concordiense de ampl\u00eda trayectoria, quien a trav\u00e9s de su Muestra hom\u00f3nima, exhibir\u00e1 tres per\u00edodos de dibujos y pinturas que componen su obra.<\/p>\n<p>El acto de apertura ser\u00e1 este jueves 13 de julio, desde las 20:00 horas, con entrada abierta al p\u00fablico y se contar\u00e1 con servicio de transporte libre para quienes deseen asistir al evento.<\/p>\n<p>\u201cLas obras reflejan, directa o indirectamente, situaciones o per\u00edodos de nuestro devenir com\u00fan. Acontecimientos por los que nuestra sociedad ha pasado, aparecen en su trabajo como s\u00edntomas, s\u00edmbolos o dramas que inevitablemente nos conciernen\u201d, destac\u00f3 Passarella.<\/p>\n<p>\u201cRescata y expone, tambi\u00e9n, obras de la \u00e9poca que a nivel popular se denomina \u2018D\u00e9cada Ganada\u2019. Las fechas de realizaci\u00f3n que podr\u00e1n apreciar al pie de cada obra, dar\u00e1n al p\u00fablico una pista del per\u00edodo al que pertenece\u201d, agreg\u00f3 el artista concordiense.<\/p>\n<p>&nbsp;<\/p>\n<p><strong>Sobre el artista y su trayectoria<\/strong><\/p>\n<p>Nacido en Concordia, en 1941, Nicol\u00e1s Passarella es pintor, dibujante, escultor y docente. Expone desde 1961, destacando sus obras en muestras colectivas e individuales, en galer\u00edas de diversas ciudades y provincias del pa\u00eds, y en el exterior, en M\u00e9xico, Uruguay, Brasil, Espa\u00f1a y Alemania.<\/p>\n<p>Muchos de sus trabajos embellecen espacios p\u00fablicos de su ciudad natal, tales como el mural \u201cSecuestro\u201d en las calles Salta y Dami\u00e1n P. Garat, el Retablo de la Virgen de la Esperanza en la Parroquia de Pompeya y la escultura \u201cLa Patria Grande\u201d en el Parque Ferr\u00e9, entre otros.<\/p>\n<p>Passarella es considerado un sensible referente de la cultura local que bulle y sostiene, artesanal y afectivamente, formas de existencia m\u00e1s amables y comunitarias.<\/p>\n<p>&nbsp;<\/p>\n<p><strong>Informaci\u00f3n sobre el servicio de transporte<\/strong><\/p>\n<p>Salto Grande dispondr\u00e1 de servicio de traslado gratuito para asistir a la presentaci\u00f3n de la Muestra \u201cPassarella\u201d. Los micros saldr\u00e1n desde la Plaza Urquiza de Concordia a las 19:15 horas.<\/p>\n<p>Por reserva de lugares, comunicarse a las l\u00edneas telef\u00f3nicas de informes: (+54) 0345-4216612 (Int: 3713) o 0345-4212600, de lunes a viernes en el horario de 7 a 15.<\/p>\n","protected":false},"excerpt":{"rendered":"<p>El acto de apertura de la Muestra ser\u00e1 este jueves 13 de julio, a las 20:00 horas, con entrada abierta al p\u00fablico. Adem\u00e1s, Salto Grande pondr\u00e1 a disposici\u00f3n servicio de transporte para asistir al evento &nbsp; &nbsp; En esta oportunidad, el Museo y Centro Cultural Salto Grande presentar\u00e1 a Nicol\u00e1s Passarella, reconocido artista concordiense de ampl\u00eda trayectoria, quien a trav\u00e9s de su Muestra hom\u00f3nima, exhibir\u00e1 tres per\u00edodos de dibujos y pinturas que componen su obra. El acto de apertura ser\u00e1 este jueves 13 de julio, desde las 20:00 horas, con&#8230;<\/p>\n","protected":false},"author":3,"featured_media":104586,"comment_status":"closed","ping_status":"closed","sticky":false,"template":"","format":"standard","meta":[],"categories":[15],"tags":[],"_links":{"self":[{"href":"https:\/\/www.actualidadadiario.com\/index.php\/wp-json\/wp\/v2\/posts\/104622"}],"collection":[{"href":"https:\/\/www.actualidadadiario.com\/index.php\/wp-json\/wp\/v2\/posts"}],"about":[{"href":"https:\/\/www.actualidadadiario.com\/index.php\/wp-json\/wp\/v2\/types\/post"}],"author":[{"embeddable":true,"href":"https:\/\/www.actualidadadiario.com\/index.php\/wp-json\/wp\/v2\/users\/3"}],"replies":[{"embeddable":true,"href":"https:\/\/www.actualidadadiario.com\/index.php\/wp-json\/wp\/v2\/comments?post=104622"}],"version-history":[{"count":1,"href":"https:\/\/www.actualidadadiario.com\/index.php\/wp-json\/wp\/v2\/posts\/104622\/revisions"}],"predecessor-version":[{"id":104623,"href":"https:\/\/www.actualidadadiario.com\/index.php\/wp-json\/wp\/v2\/posts\/104622\/revisions\/104623"}],"wp:featuredmedia":[{"embeddable":true,"href":"https:\/\/www.actualidadadiario.com\/index.php\/wp-json\/wp\/v2\/media\/104586"}],"wp:attachment":[{"href":"https:\/\/www.actualidadadiario.com\/index.php\/wp-json\/wp\/v2\/media?parent=104622"}],"wp:term":[{"taxonomy":"category","embeddable":true,"href":"https:\/\/www.actualidadadiario.com\/index.php\/wp-json\/wp\/v2\/categories?post=104622"},{"taxonomy":"post_tag","embeddable":true,"href":"https:\/\/www.actualidadadiario.com\/index.php\/wp-json\/wp\/v2\/tags?post=104622"}],"curies":[{"name":"wp","href":"https:\/\/api.w.org\/{rel}","templated":true}]}}