{"id":104619,"date":"2023-07-12T12:12:29","date_gmt":"2023-07-12T15:12:29","guid":{"rendered":"https:\/\/www.actualidadadiario.com\/?p=104619"},"modified":"2023-07-12T12:12:29","modified_gmt":"2023-07-12T15:12:29","slug":"confirmaron-el-fallecimiento-de-una-nina-en-entre-rios-por-streptococcus","status":"publish","type":"post","link":"https:\/\/www.actualidadadiario.com\/index.php\/2023\/07\/12\/confirmaron-el-fallecimiento-de-una-nina-en-entre-rios-por-streptococcus\/","title":{"rendered":"Confirmaron el fallecimiento de una ni\u00f1a en Entre R\u00edos por Streptococcus"},"content":{"rendered":"<p style=\"text-align: center;\"><em><strong>El Director de Epidemiolog\u00eda\u00a0 de la Provincia confirm\u00f3 que se trat\u00f3 de una peque\u00f1a que estuvo internada por angina y con los d\u00edas su cuadro se fue agravando. Hay otros tres casos en Entre R\u00edos<\/strong><\/em><\/p>\n<p>&nbsp;<\/p>\n<p>&nbsp;<\/p>\n<p>En todo el pa\u00eds se ve un aumento de los casos graves causados por el Streptococcus pyogenes, la causa bacteriana m\u00e1s frecuente de la faringitis aguda y algunas infecciones cut\u00e1neas. Al respecto, el director de Epidemiolog\u00eda de Entre R\u00edos, Diego Garcilazo, inform\u00f3 que en la provincia se detectaron cuatro casos graves, de los cuales uno falleci\u00f3.<\/p>\n<p>\u201cSe trat\u00f3 de una ni\u00f1a, de dos a\u00f1os, que tuvo un cuadro muy cr\u00edtico, con angina y no evolucionaba bien, lamentablemente se torn\u00f3 muy invasivo, fue dif\u00edcil revertirlo y lamentablemente falleci\u00f3&#8221;, asever\u00f3 al asegurar que tanto a nivel nacional como internacional se observa que \u201ca diferencia de otros a\u00f1os se ve un aumento en cuanto a los casos invasivos, en Entre R\u00edos ven\u00edamos con uno o dos casos graves por a\u00f1o, en cambio ahora hay cuatro casos de los cuales uno fue invasivo\u201d.<\/p>\n<p>Asimismo, asegur\u00f3 que el Streptococcus pyogenes \u201ces una bacteria que en su mayor\u00eda produce cuadros leves o severos y causa angina con placas, donde se requieren antibi\u00f3ticos, infecciones en la piel\u201d.<\/p>\n<p>En este sentido, destac\u00f3 que \u201cen algunas situaciones particulares esta bacteria puede pasar a la sangre y producir un cuadro m\u00e1s grave, causando una infecci\u00f3n invasiva en la cual se requiere internaci\u00f3n y puede causar el fallecimiento\u201d.<\/p>\n","protected":false},"excerpt":{"rendered":"<p>El Director de Epidemiolog\u00eda\u00a0 de la Provincia confirm\u00f3 que se trat\u00f3 de una peque\u00f1a que estuvo internada por angina y con los d\u00edas su cuadro se fue agravando. Hay otros tres casos en Entre R\u00edos &nbsp; &nbsp; En todo el pa\u00eds se ve un aumento de los casos graves causados por el Streptococcus pyogenes, la causa bacteriana m\u00e1s frecuente de la faringitis aguda y algunas infecciones cut\u00e1neas. Al respecto, el director de Epidemiolog\u00eda de Entre R\u00edos, Diego Garcilazo, inform\u00f3 que en la provincia se detectaron cuatro casos graves, de los&#8230;<\/p>\n","protected":false},"author":3,"featured_media":104620,"comment_status":"closed","ping_status":"closed","sticky":false,"template":"","format":"standard","meta":[],"categories":[9,15],"tags":[],"_links":{"self":[{"href":"https:\/\/www.actualidadadiario.com\/index.php\/wp-json\/wp\/v2\/posts\/104619"}],"collection":[{"href":"https:\/\/www.actualidadadiario.com\/index.php\/wp-json\/wp\/v2\/posts"}],"about":[{"href":"https:\/\/www.actualidadadiario.com\/index.php\/wp-json\/wp\/v2\/types\/post"}],"author":[{"embeddable":true,"href":"https:\/\/www.actualidadadiario.com\/index.php\/wp-json\/wp\/v2\/users\/3"}],"replies":[{"embeddable":true,"href":"https:\/\/www.actualidadadiario.com\/index.php\/wp-json\/wp\/v2\/comments?post=104619"}],"version-history":[{"count":1,"href":"https:\/\/www.actualidadadiario.com\/index.php\/wp-json\/wp\/v2\/posts\/104619\/revisions"}],"predecessor-version":[{"id":104621,"href":"https:\/\/www.actualidadadiario.com\/index.php\/wp-json\/wp\/v2\/posts\/104619\/revisions\/104621"}],"wp:featuredmedia":[{"embeddable":true,"href":"https:\/\/www.actualidadadiario.com\/index.php\/wp-json\/wp\/v2\/media\/104620"}],"wp:attachment":[{"href":"https:\/\/www.actualidadadiario.com\/index.php\/wp-json\/wp\/v2\/media?parent=104619"}],"wp:term":[{"taxonomy":"category","embeddable":true,"href":"https:\/\/www.actualidadadiario.com\/index.php\/wp-json\/wp\/v2\/categories?post=104619"},{"taxonomy":"post_tag","embeddable":true,"href":"https:\/\/www.actualidadadiario.com\/index.php\/wp-json\/wp\/v2\/tags?post=104619"}],"curies":[{"name":"wp","href":"https:\/\/api.w.org\/{rel}","templated":true}]}}