{"id":104616,"date":"2023-07-12T12:11:32","date_gmt":"2023-07-12T15:11:32","guid":{"rendered":"https:\/\/www.actualidadadiario.com\/?p=104616"},"modified":"2023-07-12T12:11:32","modified_gmt":"2023-07-12T15:11:32","slug":"bahl-me-prepare-durante-toda-mi-vida-para-este-desafio","status":"publish","type":"post","link":"https:\/\/www.actualidadadiario.com\/index.php\/2023\/07\/12\/bahl-me-prepare-durante-toda-mi-vida-para-este-desafio\/","title":{"rendered":"Bahl: \u201cMe prepar\u00e9 durante toda mi vida para este desaf\u00edo\u201d"},"content":{"rendered":"<p style=\"text-align: center;\"><em><strong>El precandidato a gobernador por M\u00e1s para Entre R\u00edos, Ad\u00e1n Bahl, lanz\u00f3 un nuevo spot de campa\u00f1a. En el video, el actual intendente de Paran\u00e1 comparte su historia y su experiencia profesional y pol\u00edtica. \u201cEstoy orgulloso de mi origen, soy entrerriano\u201d, resalt\u00f3<\/strong><\/em><\/p>\n<p>&nbsp;<\/p>\n<p>&nbsp;<\/p>\n<p>\u201cMe prepar\u00e9 durante toda mi vida para este desaf\u00edo\u201d, dice Bahl acompa\u00f1ado de entrerrianos y entrerrianas en el material difundido este lunes y agrega: \u201cVamos a hacer m\u00e1s grande esta tierra querida, vamos a vivir el orgullo de ser aut\u00e9nticamente entrerrianos\u201d.<\/p>\n<p>El video se complementa con otros mensajes en los que Bahl remarca: \u201cEstoy orgulloso de mi origen, soy entrerriano. Vengo de una familia de trabajo, de un sue\u00f1o de progreso\u201d, y recuerda su ni\u00f1ez en la zona rural y sus comienzos en la m\u00fasica: \u201cDe gur\u00ed aprend\u00ed las tareas del campo y me apasion\u00e9 con el acorde\u00f3n\u201d, sostiene.<\/p>\n<p>Por otro lado, sobre im\u00e1genes del sector productivo y de distintas obras, dice que \u201cEntre R\u00edos est\u00e1 en marcha y vamos a continuar esa transformaci\u00f3n para ser una provincia m\u00e1s eficiente y protagonista\u201d.<\/p>\n<p>\u201cEn esta provincia que amo hice mi vida y form\u00e9 mi familia\u201d, comparte luego y finaliza: \u201cPara m\u00ed la palabra tiene valor siempre que la respalden los hechos\u201d y \u201cpara m\u00ed el trabajo es el modo de construir futuro. Eso me ense\u00f1aron\u201d.<\/p>\n<p>&nbsp;<\/p>\n<p><strong>M\u00e1s sobre Ad\u00e1n Bahl<\/strong><\/p>\n<p>Ad\u00e1n \u201cBeto\u201d Bahl naci\u00f3 el 20 de abril de 1967 en Paran\u00e1, ciudad en la que reside junto a su familia, su esposa Claudia y sus tres hijos: Nahuel, Franco y Joaqu\u00edn.<\/p>\n<p>Es contador de profesi\u00f3n, m\u00fasico y maestro mayor de obra, dedicado desde su juventud a la pol\u00edtica y la gesti\u00f3n p\u00fablica. Milit\u00f3 en la facultad y en los barrios, siendo parte de la Juventud Peronista de Paran\u00e1, partido donde ocup\u00f3 distintos cargos.<\/p>\n<p>Fue ocho a\u00f1os Ministro de Gobierno y desde 2015 a 2019, Vicegobernador de la provincia de Entre R\u00edos. El 10 de diciembre de 2019 asumi\u00f3 como Intendente de Paran\u00e1. Su conocimiento de la provincia, experiencia y una gesti\u00f3n transformadora en la capital entrerriana, lo posicionaron como el l\u00edder pol\u00edtico que sintetiza la unidad del peronismo entrerriano, de cara a las pr\u00f3ximas elecciones.<\/p>\n<p>En su web, www.adanbahl.com.ar, afirma que quiere \u201cuna provincia en la que nuestros hijos puedan quedarse y desarrollar sus carreras, cerca de sus afectos, de su lugar, de los paisajes del Litoral. Una provincia con trabajo y oportunidades para todos, donde se pueda proyectar a futuro\u201d.<\/p>\n<p>Para lograr ese objetivo, argumenta, es necesario \u201cimpulsar el campo, la industria, el turismo, las pymes, la econom\u00eda del conocimiento, el desarrollo de energ\u00edas alternativas. Con la obra p\u00fablica como herramienta de transformaci\u00f3n, de inclusi\u00f3n, para mejorarle la vida a las y los entrerrianos\u201d.<\/p>\n<p>Por \u00faltimo, pone en valor a su equipo de trabajo, \u201ccon el que no vamos a llegar a improvisar, sino a trabajar, a resolver los problemas, a transformar la provincia\u201d, y concluye. \u201cSabemos lo que hay que hacer pero tambi\u00e9n c\u00f3mo hay que hacerlo. Y nos respaldan los hechos. Lo hicimos en Paran\u00e1 y podemos hacerlo tambi\u00e9n en Entre R\u00edos\u201d.<\/p>\n","protected":false},"excerpt":{"rendered":"<p>El precandidato a gobernador por M\u00e1s para Entre R\u00edos, Ad\u00e1n Bahl, lanz\u00f3 un nuevo spot de campa\u00f1a. En el video, el actual intendente de Paran\u00e1 comparte su historia y su experiencia profesional y pol\u00edtica. \u201cEstoy orgulloso de mi origen, soy entrerriano\u201d, resalt\u00f3 &nbsp; &nbsp; \u201cMe prepar\u00e9 durante toda mi vida para este desaf\u00edo\u201d, dice Bahl acompa\u00f1ado de entrerrianos y entrerrianas en el material difundido este lunes y agrega: \u201cVamos a hacer m\u00e1s grande esta tierra querida, vamos a vivir el orgullo de ser aut\u00e9nticamente entrerrianos\u201d. El video se complementa con&#8230;<\/p>\n","protected":false},"author":3,"featured_media":104617,"comment_status":"closed","ping_status":"closed","sticky":false,"template":"","format":"standard","meta":[],"categories":[15],"tags":[],"_links":{"self":[{"href":"https:\/\/www.actualidadadiario.com\/index.php\/wp-json\/wp\/v2\/posts\/104616"}],"collection":[{"href":"https:\/\/www.actualidadadiario.com\/index.php\/wp-json\/wp\/v2\/posts"}],"about":[{"href":"https:\/\/www.actualidadadiario.com\/index.php\/wp-json\/wp\/v2\/types\/post"}],"author":[{"embeddable":true,"href":"https:\/\/www.actualidadadiario.com\/index.php\/wp-json\/wp\/v2\/users\/3"}],"replies":[{"embeddable":true,"href":"https:\/\/www.actualidadadiario.com\/index.php\/wp-json\/wp\/v2\/comments?post=104616"}],"version-history":[{"count":1,"href":"https:\/\/www.actualidadadiario.com\/index.php\/wp-json\/wp\/v2\/posts\/104616\/revisions"}],"predecessor-version":[{"id":104618,"href":"https:\/\/www.actualidadadiario.com\/index.php\/wp-json\/wp\/v2\/posts\/104616\/revisions\/104618"}],"wp:featuredmedia":[{"embeddable":true,"href":"https:\/\/www.actualidadadiario.com\/index.php\/wp-json\/wp\/v2\/media\/104617"}],"wp:attachment":[{"href":"https:\/\/www.actualidadadiario.com\/index.php\/wp-json\/wp\/v2\/media?parent=104616"}],"wp:term":[{"taxonomy":"category","embeddable":true,"href":"https:\/\/www.actualidadadiario.com\/index.php\/wp-json\/wp\/v2\/categories?post=104616"},{"taxonomy":"post_tag","embeddable":true,"href":"https:\/\/www.actualidadadiario.com\/index.php\/wp-json\/wp\/v2\/tags?post=104616"}],"curies":[{"name":"wp","href":"https:\/\/api.w.org\/{rel}","templated":true}]}}