{"id":104613,"date":"2023-07-12T12:10:40","date_gmt":"2023-07-12T15:10:40","guid":{"rendered":"https:\/\/www.actualidadadiario.com\/?p=104613"},"modified":"2023-07-12T12:10:40","modified_gmt":"2023-07-12T15:10:40","slug":"paritaria-estatal-nos-vamos-muy-satisfechos-porque-estamos-cerca-del-objetivo-principal-manifestaron-desde-ate","status":"publish","type":"post","link":"https:\/\/www.actualidadadiario.com\/index.php\/2023\/07\/12\/paritaria-estatal-nos-vamos-muy-satisfechos-porque-estamos-cerca-del-objetivo-principal-manifestaron-desde-ate\/","title":{"rendered":"Paritaria estatal: \u201cNos vamos muy satisfechos porque estamos cerca del objetivo principal\u201d, manifestaron desde ATE"},"content":{"rendered":"<p style=\"text-align: center;\"><em><strong>Oscar Muntes expres\u00f3 su conformidad con el acuerdo salarial que consiste en un aumento del 6% para el mes de julio con la base de c\u00e1lculo al mes de junio. Su principal meta\u00a0 es \u201cestar cada vez m\u00e1s cerca de la canasta b\u00e1sica\u201d<\/strong><\/em><\/p>\n<p>&nbsp;<\/p>\n<p>&nbsp;<\/p>\n<p>Este martes, en Casa de Gobierno, el Ministro de Econom\u00eda logr\u00f3 un acuerdo salarial con ATE y UPCN, gremios que representan a las y los trabajadores estatales entrerrianos.<\/p>\n<p>Al respecto, el titular de ATE, Oscar Muntes, se\u00f1al\u00f3 la importancia de la predisposici\u00f3n por parte de la Provincia. \u201cPrimero queremos resaltar la convocatoria desde el gobierno a la mesa paritaria para seguir recomponiendo el salario ante la inflaci\u00f3n que estamos viviendo\u201d.<\/p>\n<p>En relaci\u00f3n al acuerdo salarial logrado, Muntes se\u00f1al\u00f3: &#8220;Nos vamos satisfechos porque estamos muy cerca de lograr el objetivo principal, que es estar cada vez m\u00e1s cerca de la canasta b\u00e1sica. Ese es el camino que tenemos que seguir trabajando porque es el que nos va a dar el objetivo que nosotros trazamos como trabajadores\u201d.<\/p>\n<p>En la reuni\u00f3n se pact\u00f3 que se ratifica el aumento del 6% para el mes de julio con la base de c\u00e1lculo al mes de junio; tambi\u00e9n el incremento de los contratos de obra, que pasar\u00e1n a ser de 160.000 pesos; la suba de los topes de las asignaciones familiares; y el aumento del 21 por ciento, que pone a las asignaciones familiares de la provincia en los mismos valores que los que abona Anses. Tambi\u00e9n se convino reunirse la semana siguiente para iniciar la discusi\u00f3n sobre el nuevo convenio colectivo de trabajo del sector p\u00fablico.<\/p>\n<p>A modo de cierre, Muntes se\u00f1al\u00f3 que \u201ca todo lo que planteamos se ha dado respuesta positiva y avanzamos much\u00edsimo, estamos muy conformes y eso resalta el trabajo que venimos haciendo en la mesa paritaria\u201d.<\/p>\n","protected":false},"excerpt":{"rendered":"<p>Oscar Muntes expres\u00f3 su conformidad con el acuerdo salarial que consiste en un aumento del 6% para el mes de julio con la base de c\u00e1lculo al mes de junio. Su principal meta\u00a0 es \u201cestar cada vez m\u00e1s cerca de la canasta b\u00e1sica\u201d &nbsp; &nbsp; Este martes, en Casa de Gobierno, el Ministro de Econom\u00eda logr\u00f3 un acuerdo salarial con ATE y UPCN, gremios que representan a las y los trabajadores estatales entrerrianos. Al respecto, el titular de ATE, Oscar Muntes, se\u00f1al\u00f3 la importancia de la predisposici\u00f3n por parte de&#8230;<\/p>\n","protected":false},"author":3,"featured_media":104614,"comment_status":"closed","ping_status":"closed","sticky":false,"template":"","format":"standard","meta":[],"categories":[15],"tags":[],"_links":{"self":[{"href":"https:\/\/www.actualidadadiario.com\/index.php\/wp-json\/wp\/v2\/posts\/104613"}],"collection":[{"href":"https:\/\/www.actualidadadiario.com\/index.php\/wp-json\/wp\/v2\/posts"}],"about":[{"href":"https:\/\/www.actualidadadiario.com\/index.php\/wp-json\/wp\/v2\/types\/post"}],"author":[{"embeddable":true,"href":"https:\/\/www.actualidadadiario.com\/index.php\/wp-json\/wp\/v2\/users\/3"}],"replies":[{"embeddable":true,"href":"https:\/\/www.actualidadadiario.com\/index.php\/wp-json\/wp\/v2\/comments?post=104613"}],"version-history":[{"count":1,"href":"https:\/\/www.actualidadadiario.com\/index.php\/wp-json\/wp\/v2\/posts\/104613\/revisions"}],"predecessor-version":[{"id":104615,"href":"https:\/\/www.actualidadadiario.com\/index.php\/wp-json\/wp\/v2\/posts\/104613\/revisions\/104615"}],"wp:featuredmedia":[{"embeddable":true,"href":"https:\/\/www.actualidadadiario.com\/index.php\/wp-json\/wp\/v2\/media\/104614"}],"wp:attachment":[{"href":"https:\/\/www.actualidadadiario.com\/index.php\/wp-json\/wp\/v2\/media?parent=104613"}],"wp:term":[{"taxonomy":"category","embeddable":true,"href":"https:\/\/www.actualidadadiario.com\/index.php\/wp-json\/wp\/v2\/categories?post=104613"},{"taxonomy":"post_tag","embeddable":true,"href":"https:\/\/www.actualidadadiario.com\/index.php\/wp-json\/wp\/v2\/tags?post=104613"}],"curies":[{"name":"wp","href":"https:\/\/api.w.org\/{rel}","templated":true}]}}