{"id":104600,"date":"2023-07-11T13:28:29","date_gmt":"2023-07-11T16:28:29","guid":{"rendered":"https:\/\/www.actualidadadiario.com\/?p=104600"},"modified":"2023-07-11T13:28:29","modified_gmt":"2023-07-11T16:28:29","slug":"empezo-la-cumbre-de-la-otan-con-el-ingreso-de-suecia-y-la-invasion-rusa-a-ucrania-como-ejes","status":"publish","type":"post","link":"https:\/\/www.actualidadadiario.com\/index.php\/2023\/07\/11\/empezo-la-cumbre-de-la-otan-con-el-ingreso-de-suecia-y-la-invasion-rusa-a-ucrania-como-ejes\/","title":{"rendered":"Empez\u00f3 la cumbre de la OTAN, con el ingreso de Suecia y la invasi\u00f3n rusa a Ucrania como ejes"},"content":{"rendered":"<p style=\"text-align: center;\"><em><strong>La OTAN abri\u00f3 este martes una esperada cumbre en Lituania con grandes expectativas luego de que Turqu\u00eda se mostrara dispuesta a aceptar el ingreso de Suecia tras meses de objeciones, en una muestra de unidad frente a la invasi\u00f3n rusa a Ucrania<\/strong><\/em><\/p>\n<p>&nbsp;<\/p>\n<p>&nbsp;<\/p>\n<p>El secretario general de la OTAN, Jens Stoltenberg, asegur\u00f3 el lunes que el presidente turco, Recep Tayyip Erdogan, les prometi\u00f3 a \u00e9l y al primer ministro sueco que enviar\u00e1 \u201clo m\u00e1s pronto posible\u201d al Parlamento turco el Protocolo de Adhesi\u00f3n de Suecia para que sea votado.<\/p>\n<p>El anuncio disip\u00f3 tensiones que amenazaban con empe\u00f1ar la cumbre de dos d\u00edas en Vilna, la capital de Lituania, y el acuerdo, fruto de intensas negociaciones, deja la puerta abierta a una expansi\u00f3n de la alianza en el norte de Europa.<\/p>\n<p>El presidente estadounidense, Joe Biden, cuyo pa\u00eds lidera la OTAN, celebr\u00f3 el lunes el anuncio de Stoltenberg, y su asesor de seguridad nacional resalt\u00f3 este martes la unidad de la alianza, que es la organizaci\u00f3n militar m\u00e1s grande del mundo.<\/p>\n<p>\u201cLos rumores de la muerte de la unidad de la OTAN estaban enormemente exagerados\u201d, dijo el asesor presidencial Jake Sullivan a periodistas en Vilna.<\/p>\n<p>Como parte del acuerdo, Stoltenberg dijo que Erdogan prometi\u00f3 acelerar el tratamiento parlamentario de la ley de adhesi\u00f3n de Suecia a la OTAN. Se espera que el primer ministro h\u00fangaro, Viktor Orban, otro que se resist\u00eda, asuma el mismo compromiso.<\/p>\n<p>Biden tiene previsto reunirse con el presidente turco este martes por la noche, y no estaba claro c\u00f3mo se resolver\u00e1n exigencias que ha hecho para destrabar el ingreso de Suecia a la OTAN, que debe ser aprobado por los 31 pa\u00edses de la alianza.<\/p>\n<p>Erdogan ha pedido avanzados aviones de guerra estadounidenses, que la Uni\u00f3n Europea (UE) reabra el proceso para su ingreso. La Casa Blanca ha dicho que respalda ambos pedidos, pero insiste en que esta postura no se relaciona con la membres\u00eda de Suecia.<\/p>\n<p>Hasta el lunes, Erdogan exig\u00eda que Suecia dejara de dar asilo a separatistas turcos de etnia kurda que desde hace d\u00e9cadas libran una guerra contra el Estado turco que ha dejado decenas de miles de muertos.<\/p>\n<p>En los \u00faltimos meses, Suecia cambi\u00f3 sus leyes antiterroristas, y su Justicia proces\u00f3 o conden\u00f3 a separatistas de la guerrilla kurda del Partido de los Trabajadores del Kurdist\u00e1n (PKK), que la Uni\u00f3n Europea (UE) tiene incluida en su lista de organizaciones terroristas.<\/p>\n<p>El otro gran tema que se discutir\u00e1 en la cumbre es la delicada relaci\u00f3n de la alianza militar transatl\u00e1ntica con Ucrania, a quien la OTAN est\u00e1 prestando apoyo militar desde la invasi\u00f3n de Rusia.<\/p>\n","protected":false},"excerpt":{"rendered":"<p>La OTAN abri\u00f3 este martes una esperada cumbre en Lituania con grandes expectativas luego de que Turqu\u00eda se mostrara dispuesta a aceptar el ingreso de Suecia tras meses de objeciones, en una muestra de unidad frente a la invasi\u00f3n rusa a Ucrania &nbsp; &nbsp; El secretario general de la OTAN, Jens Stoltenberg, asegur\u00f3 el lunes que el presidente turco, Recep Tayyip Erdogan, les prometi\u00f3 a \u00e9l y al primer ministro sueco que enviar\u00e1 \u201clo m\u00e1s pronto posible\u201d al Parlamento turco el Protocolo de Adhesi\u00f3n de Suecia para que sea votado&#8230;.<\/p>\n","protected":false},"author":3,"featured_media":104601,"comment_status":"closed","ping_status":"closed","sticky":false,"template":"","format":"standard","meta":[],"categories":[4],"tags":[],"_links":{"self":[{"href":"https:\/\/www.actualidadadiario.com\/index.php\/wp-json\/wp\/v2\/posts\/104600"}],"collection":[{"href":"https:\/\/www.actualidadadiario.com\/index.php\/wp-json\/wp\/v2\/posts"}],"about":[{"href":"https:\/\/www.actualidadadiario.com\/index.php\/wp-json\/wp\/v2\/types\/post"}],"author":[{"embeddable":true,"href":"https:\/\/www.actualidadadiario.com\/index.php\/wp-json\/wp\/v2\/users\/3"}],"replies":[{"embeddable":true,"href":"https:\/\/www.actualidadadiario.com\/index.php\/wp-json\/wp\/v2\/comments?post=104600"}],"version-history":[{"count":1,"href":"https:\/\/www.actualidadadiario.com\/index.php\/wp-json\/wp\/v2\/posts\/104600\/revisions"}],"predecessor-version":[{"id":104602,"href":"https:\/\/www.actualidadadiario.com\/index.php\/wp-json\/wp\/v2\/posts\/104600\/revisions\/104602"}],"wp:featuredmedia":[{"embeddable":true,"href":"https:\/\/www.actualidadadiario.com\/index.php\/wp-json\/wp\/v2\/media\/104601"}],"wp:attachment":[{"href":"https:\/\/www.actualidadadiario.com\/index.php\/wp-json\/wp\/v2\/media?parent=104600"}],"wp:term":[{"taxonomy":"category","embeddable":true,"href":"https:\/\/www.actualidadadiario.com\/index.php\/wp-json\/wp\/v2\/categories?post=104600"},{"taxonomy":"post_tag","embeddable":true,"href":"https:\/\/www.actualidadadiario.com\/index.php\/wp-json\/wp\/v2\/tags?post=104600"}],"curies":[{"name":"wp","href":"https:\/\/api.w.org\/{rel}","templated":true}]}}