{"id":104596,"date":"2023-07-11T13:18:18","date_gmt":"2023-07-11T16:18:18","guid":{"rendered":"https:\/\/www.actualidadadiario.com\/?p=104596"},"modified":"2023-07-11T13:18:18","modified_gmt":"2023-07-11T16:18:18","slug":"aumentaron-las-reservas-de-agua-dulce-de-montevideo-en-medio-de-la-crisis-hidrica","status":"publish","type":"post","link":"https:\/\/www.actualidadadiario.com\/index.php\/2023\/07\/11\/aumentaron-las-reservas-de-agua-dulce-de-montevideo-en-medio-de-la-crisis-hidrica\/","title":{"rendered":"Aumentaron las reservas de agua dulce de Montevideo en medio de la crisis h\u00eddrica"},"content":{"rendered":"<p style=\"text-align: center;\"><em><strong>En el vecino pa\u00eds se declar\u00f3 el 19 de junio la &#8220;emergencia h\u00eddrica&#8221; para Montevideo y el \u00e1rea metropolitana, as\u00ed como la exoneraci\u00f3n de impuestos al agua embotellada<\/strong><\/em><\/p>\n<p>&nbsp;<\/p>\n<p>&nbsp;<\/p>\n<p>El embalse de Paso Severino, principal reserva de agua dulce para la potabilizaci\u00f3n de Uruguay, aument\u00f3 por quinto d\u00eda\u00a0 consecutivo, en medio de una crisis por la escasez del l\u00edquido para distribuir a trav\u00e9s de ca\u00f1er\u00edas en Montevideo.<\/p>\n<p>Las reservas de Paso Severino, ubicada en el departamento sure\u00f1o de Florida pasaron de 1.565.255 metros c\u00fabicos a 1.886.456 metros c\u00fabicos, en un total de 70 millones de capacidades, seg\u00fan el m\u00e1s reciente informe divulgado por la Presidencia del vecino pa\u00eds.<\/p>\n<p>Uruguay atraviesa una crisis h\u00eddrica que llev\u00f3 a m\u00ednimos hist\u00f3ricos la principal reserva de agua dulce para potabilizar de Montevideo y el \u00e1rea metropolitana, afectada por la peor sequ\u00eda en m\u00e1s de 70 a\u00f1os y que abastece a la mitad de la poblaci\u00f3n.<\/p>\n<p>La empresa estatal OSE debi\u00f3 elevar los niveles de sodio y cloruro en el agua que distribuye a trav\u00e9s de ca\u00f1er\u00edas, aunque todav\u00eda es bebible, seg\u00fan el Gobierno, al tiempo que se dispar\u00f3 el consumo de agua embotellada, public\u00f3 la agencia de noticias Xinhua.<\/p>\n<p>La sequ\u00eda que afronta Uruguay desde hace tres a\u00f1os &#8220;no tiene precedentes&#8221; y &#8220;es la peor desde que existen registros en el pa\u00eds sudamericano, principios del siglo XX&#8221;, inform\u00f3 en mayo el Instituto Uruguayo de Meteorolog\u00eda (Inumet).<\/p>\n<p>El presidente de Uruguay, Luis Lacalle Pou, advirti\u00f3 d\u00edas atr\u00e1s que si no llueve en los pr\u00f3ximos d\u00edas &#8220;va a haber un lapso en el que el agua no sea bebible&#8221;.<\/p>\n<p>El Gobierno nacional declar\u00f3 el 19 de junio la &#8220;emergencia h\u00eddrica&#8221; para Montevideo y el \u00e1rea metropolitana y la exoneraci\u00f3n de impuestos al agua embotellada, que ya est\u00e1 vigente, producto cuya venta se dispar\u00f3.<\/p>\n","protected":false},"excerpt":{"rendered":"<p>En el vecino pa\u00eds se declar\u00f3 el 19 de junio la &#8220;emergencia h\u00eddrica&#8221; para Montevideo y el \u00e1rea metropolitana, as\u00ed como la exoneraci\u00f3n de impuestos al agua embotellada &nbsp; &nbsp; El embalse de Paso Severino, principal reserva de agua dulce para la potabilizaci\u00f3n de Uruguay, aument\u00f3 por quinto d\u00eda\u00a0 consecutivo, en medio de una crisis por la escasez del l\u00edquido para distribuir a trav\u00e9s de ca\u00f1er\u00edas en Montevideo. Las reservas de Paso Severino, ubicada en el departamento sure\u00f1o de Florida pasaron de 1.565.255 metros c\u00fabicos a 1.886.456 metros c\u00fabicos, en&#8230;<\/p>\n","protected":false},"author":3,"featured_media":104597,"comment_status":"closed","ping_status":"closed","sticky":false,"template":"","format":"standard","meta":[],"categories":[4],"tags":[],"_links":{"self":[{"href":"https:\/\/www.actualidadadiario.com\/index.php\/wp-json\/wp\/v2\/posts\/104596"}],"collection":[{"href":"https:\/\/www.actualidadadiario.com\/index.php\/wp-json\/wp\/v2\/posts"}],"about":[{"href":"https:\/\/www.actualidadadiario.com\/index.php\/wp-json\/wp\/v2\/types\/post"}],"author":[{"embeddable":true,"href":"https:\/\/www.actualidadadiario.com\/index.php\/wp-json\/wp\/v2\/users\/3"}],"replies":[{"embeddable":true,"href":"https:\/\/www.actualidadadiario.com\/index.php\/wp-json\/wp\/v2\/comments?post=104596"}],"version-history":[{"count":2,"href":"https:\/\/www.actualidadadiario.com\/index.php\/wp-json\/wp\/v2\/posts\/104596\/revisions"}],"predecessor-version":[{"id":104599,"href":"https:\/\/www.actualidadadiario.com\/index.php\/wp-json\/wp\/v2\/posts\/104596\/revisions\/104599"}],"wp:featuredmedia":[{"embeddable":true,"href":"https:\/\/www.actualidadadiario.com\/index.php\/wp-json\/wp\/v2\/media\/104597"}],"wp:attachment":[{"href":"https:\/\/www.actualidadadiario.com\/index.php\/wp-json\/wp\/v2\/media?parent=104596"}],"wp:term":[{"taxonomy":"category","embeddable":true,"href":"https:\/\/www.actualidadadiario.com\/index.php\/wp-json\/wp\/v2\/categories?post=104596"},{"taxonomy":"post_tag","embeddable":true,"href":"https:\/\/www.actualidadadiario.com\/index.php\/wp-json\/wp\/v2\/tags?post=104596"}],"curies":[{"name":"wp","href":"https:\/\/api.w.org\/{rel}","templated":true}]}}