{"id":104588,"date":"2023-07-11T13:14:29","date_gmt":"2023-07-11T16:14:29","guid":{"rendered":"https:\/\/www.actualidadadiario.com\/?p=104588"},"modified":"2023-07-11T13:14:29","modified_gmt":"2023-07-11T16:14:29","slug":"desde-mitad-de-semana-se-producirian-precipitaciones-con-marcado-descenso-de-temperatura","status":"publish","type":"post","link":"https:\/\/www.actualidadadiario.com\/index.php\/2023\/07\/11\/desde-mitad-de-semana-se-producirian-precipitaciones-con-marcado-descenso-de-temperatura\/","title":{"rendered":"Desde mitad de semana se producir\u00edan precipitaciones con marcado descenso de temperatura"},"content":{"rendered":"<p style=\"text-align: center;\"><em><strong>Durante esta jornada de martes seguir\u00e1 el predominio de la masa de aire h\u00fameda y fresca, con persistentes vientos d\u00e9biles del este y condiciones de ligera inestabilidad. El mi\u00e9rcoles \u201ces probable que un sistema de baja presi\u00f3n se forme sobre el centro de Corrientes, parte de Brasil y el norte de Uruguay\u201d<\/strong><\/em><\/p>\n<p>&nbsp;<\/p>\n<p>&nbsp;<\/p>\n<p>Esta situaci\u00f3n de ciclog\u00e9nesis \u201cintensificar\u00eda los vientos del sudeste y aportar\u00eda inestabilidad, las que podr\u00edan ser significativas para algunos sectores de la provincia, en especial del norte y centro de la misma\u201d, confirmaron desde Defensa Civil de Entre R\u00edos.<\/p>\n<p>El jueves podr\u00eda mantenerse condiciones de inestabilidad que a\u00fan afectar\u00edan al este entrerriano aunque ser\u00edan de mucho menor intensidad. Durante la tarde o hacia la noche de dicha jornada \u201cestar\u00eda mejorando con disminuci\u00f3n nubosa e ingreso de aire muy fresco a fr\u00edo\u201d.<\/p>\n<p>\u201cSeg\u00fan los modelos meteorol\u00f3gicos m\u00e1s confiables, es probable que la masa de aire fr\u00edo polar se mantenga afectando nuestra regi\u00f3n, hasta los primeros d\u00edas de la pr\u00f3xima semana\u201d, se\u00f1alaron desde el organismo provincial.<\/p>\n<p>Para este martes se prev\u00e9 nublado o altamente nuboso. Fresco por sensaci\u00f3n t\u00e9rmica. Ligeramente inestable sobre el oeste y centro de la provincia hacia la noche, con probables lloviznas o lluvias d\u00e9biles y dispersas. La temperatura m\u00e1xima est\u00e1 prevista en 16 grados.<\/p>\n<p>El mi\u00e9rcoles ser\u00e1 la jornada con m\u00e1s alta probabilidad de lluvias y tormentas que afectar\u00edan, sobre todo al centro y norte entrerriano durante la ma\u00f1ana. Los vientos se intensificar\u00edan hacia la tarde. Persistir\u00eda la inestabilidad con precipitaciones d\u00e9biles e intermitentes.<\/p>\n<p>La temperatura m\u00e1xima rondar\u00eda los 12 grados, lo que marcar\u00eda el ingreso del pulso polar, lo que har\u00eda que las m\u00ednimas ronden los 5 grados el jueves. Luego habr\u00eda un leve ascenso, pero el fr\u00edo volver\u00eda a intensificarse el domingo y lunes, con registros t\u00e9rmicos por debajo de 5 grados.<\/p>\n","protected":false},"excerpt":{"rendered":"<p>Durante esta jornada de martes seguir\u00e1 el predominio de la masa de aire h\u00fameda y fresca, con persistentes vientos d\u00e9biles del este y condiciones de ligera inestabilidad. El mi\u00e9rcoles \u201ces probable que un sistema de baja presi\u00f3n se forme sobre el centro de Corrientes, parte de Brasil y el norte de Uruguay\u201d &nbsp; &nbsp; Esta situaci\u00f3n de ciclog\u00e9nesis \u201cintensificar\u00eda los vientos del sudeste y aportar\u00eda inestabilidad, las que podr\u00edan ser significativas para algunos sectores de la provincia, en especial del norte y centro de la misma\u201d, confirmaron desde Defensa Civil&#8230;<\/p>\n","protected":false},"author":3,"featured_media":104202,"comment_status":"closed","ping_status":"closed","sticky":false,"template":"","format":"standard","meta":[],"categories":[15],"tags":[],"_links":{"self":[{"href":"https:\/\/www.actualidadadiario.com\/index.php\/wp-json\/wp\/v2\/posts\/104588"}],"collection":[{"href":"https:\/\/www.actualidadadiario.com\/index.php\/wp-json\/wp\/v2\/posts"}],"about":[{"href":"https:\/\/www.actualidadadiario.com\/index.php\/wp-json\/wp\/v2\/types\/post"}],"author":[{"embeddable":true,"href":"https:\/\/www.actualidadadiario.com\/index.php\/wp-json\/wp\/v2\/users\/3"}],"replies":[{"embeddable":true,"href":"https:\/\/www.actualidadadiario.com\/index.php\/wp-json\/wp\/v2\/comments?post=104588"}],"version-history":[{"count":1,"href":"https:\/\/www.actualidadadiario.com\/index.php\/wp-json\/wp\/v2\/posts\/104588\/revisions"}],"predecessor-version":[{"id":104589,"href":"https:\/\/www.actualidadadiario.com\/index.php\/wp-json\/wp\/v2\/posts\/104588\/revisions\/104589"}],"wp:featuredmedia":[{"embeddable":true,"href":"https:\/\/www.actualidadadiario.com\/index.php\/wp-json\/wp\/v2\/media\/104202"}],"wp:attachment":[{"href":"https:\/\/www.actualidadadiario.com\/index.php\/wp-json\/wp\/v2\/media?parent=104588"}],"wp:term":[{"taxonomy":"category","embeddable":true,"href":"https:\/\/www.actualidadadiario.com\/index.php\/wp-json\/wp\/v2\/categories?post=104588"},{"taxonomy":"post_tag","embeddable":true,"href":"https:\/\/www.actualidadadiario.com\/index.php\/wp-json\/wp\/v2\/tags?post=104588"}],"curies":[{"name":"wp","href":"https:\/\/api.w.org\/{rel}","templated":true}]}}