{"id":104582,"date":"2023-07-11T13:12:53","date_gmt":"2023-07-11T16:12:53","guid":{"rendered":"https:\/\/www.actualidadadiario.com\/?p=104582"},"modified":"2023-07-11T13:12:53","modified_gmt":"2023-07-11T16:12:53","slug":"concordia-avanza-en-la-incorporacion-del-cupo-femenino-en-la-obra-publica","status":"publish","type":"post","link":"https:\/\/www.actualidadadiario.com\/index.php\/2023\/07\/11\/concordia-avanza-en-la-incorporacion-del-cupo-femenino-en-la-obra-publica\/","title":{"rendered":"Concordia avanza en la incorporaci\u00f3n del cupo femenino en la obra p\u00fablica"},"content":{"rendered":"<p style=\"text-align: center;\"><em><strong>Funcionarios municipales se reunieron con integrantes de la Asociaci\u00f3n Civil Manos a la Obra Mujeres, con el objetivo de profundizar el desarrollo de un proyecto de formaci\u00f3n, inclusivo y laboral en el marco de las pol\u00edticas p\u00fablicas con perspectiva de g\u00e9nero que impulsa la gesti\u00f3n del intendente Enrique Cesto<\/strong><\/em><\/p>\n<p>&nbsp;<\/p>\n<p>&nbsp;<\/p>\n<p>Estuvieron presentes el secretario municipal de Gobierno y Hacienda, Aldo \u00c1lvarez, junto a la coordinadora municipal de Proyectos Estrat\u00e9gicos, Mar\u00eda de los \u00c1ngeles Petit.<\/p>\n<p>&#8220;Nosotros creemos que es importante buscar la inclusi\u00f3n laboral de las mujeres que no solamente se trata de capacitar, sino tambi\u00e9n de buscar una fuente de trabajo indudablemente el \u00e1mbito de la construcci\u00f3n que es un \u00e1mbito masculino donde les cuesta mucho ingresar y donde no se las reconoce como profesionales del \u00e1rea y muchas de ellas tienen t\u00edtulos terciarios es decir son personas muy capacitadas&#8221;, manifest\u00f3 Petit.<\/p>\n<p>A continuaci\u00f3n afirm\u00f3 que &#8220;desde nuestra parte nos pusimos a la vanguardia en un tema en el que hay pocas experiencias en el pa\u00eds y al conversar con el intendente Enrique Cresto nos brind\u00f3 todo su apoyo como siempre en el marco de las pol\u00edticas de inclusi\u00f3n en el tema de g\u00e9nero. Es un tema que estamos trabajando tambi\u00e9n con la secretaria de Desarrollo Urbano, Mireya L\u00f3pez Bernis, desarrollando este proceso de charlas y reuniones para establecer un cupo del 10% de inclusi\u00f3n de mujeres dentro de lo que es la construcci\u00f3n de la obra p\u00fablica. Es decir que las empresas adjudicatarias de obra p\u00fablica en el \u00e1mbito de la Municipalidad de Concordia deber\u00e1n contar con un 10% de trabajadoras mujeres en la etapa de ejecuci\u00f3n de obra&#8221;, detall\u00f3.<\/p>\n<p>&#8220;A la vez, para favorecer que las empresas tengan acceso a quienes han sido capacitadas en estos temas, hablamos con Mireya de la oportunidad de abrir un registro de trabajadoras de la obra p\u00fablica en el \u00e1mbito de la Secretar\u00eda de Desarrollo Urbano, para que todas aquellas mujeres que tienen\u00a0 un certificado de capacitaci\u00f3n en ya sea en alba\u00f1iler\u00eda en gasistas, plomeras o en toda obra todo trabajo que tenga que ver con la obra p\u00fablica puedan inscribirse y pasar a formar parte de una base de datos que se les va a entregar a las empresas cuando sean adjudicatarias de una obra p\u00fablica&#8221;, mencion\u00f3.<\/p>\n<p>Finalmente opin\u00f3 que &#8220;es un gran paso adelante nosotros lo vamos a estar elevando al Concejo Deliberante lo m\u00e1s pronto posible, las chicas est\u00e1n realmente empoderadas y est\u00e1n comprometidas con el tema porque aparte capacitan. Ma\u00f1ana empieza en un curso de m\u00e1s de 150 mujeres que se capacitan en estos temas y creo que es una obligaci\u00f3n del Estado, no solamente capacitar y hablar de pol\u00edticas de g\u00e9nero en sentido negativo como prevenir la violencia de g\u00e9nero, sino tambi\u00e9n en sentido positivo de darles una inclusi\u00f3n laboral que es lo que ella necesitan para realmente desarrollarse y avanzar&#8221;.<\/p>\n<p>Por su parte, Sabrina Echevarne, integrante de la Asociaci\u00f3n Civil Manos a la Obra Mujeres coment\u00f3 luego de la reuni\u00f3n que presentaron &#8220;un proyecto donde pedimos que se incluya el cupo femenino en los equipos de trabajo de obras p\u00fablicas. Eso es lo que estamos buscando, incluir mujeres en este sector tan importante para la sociedad&#8221;.<\/p>\n<p>A su vez, la Maestra Mayor de Obra y T\u00e9cnica en Higiene y Seguridad Laboral se\u00f1al\u00f3 que &#8220;desde la Asociaci\u00f3n capacitamos a mujeres en alba\u00f1iler\u00eda y la idea de nuestro proyecto es continuarla en articulaci\u00f3n con el municipio y al mismo tiempo que esas mujeres las que quieran insertarse en el mundo de la alba\u00f1iler\u00eda puedan insertarse en lo laboral&#8221;.<\/p>\n<p>Por \u00faltimo, Antonella Ragone, integrante de la Asociaci\u00f3n Civil dijo &#8220;que la idea es que se tome como modelo no solo en Concordia sino en otras localidades. Tambi\u00e9n es muy positivo, que nos reciban, que sepan de nosotros y contarles nuestro proyecto. Somos un grupo de mujeres profesionales que en su momento no cont\u00e1bamos con salida laboral y se nos ocurri\u00f3 la idea de capacitar m\u00e1s mujeres y reinsertarse a este \u00e1mbito. Este proyecto se va a elevar al Concejo Deliberante y de ah\u00ed ver c\u00f3mo continuamos&#8221;, concluy\u00f3.<\/p>\n","protected":false},"excerpt":{"rendered":"<p>Funcionarios municipales se reunieron con integrantes de la Asociaci\u00f3n Civil Manos a la Obra Mujeres, con el objetivo de profundizar el desarrollo de un proyecto de formaci\u00f3n, inclusivo y laboral en el marco de las pol\u00edticas p\u00fablicas con perspectiva de g\u00e9nero que impulsa la gesti\u00f3n del intendente Enrique Cesto &nbsp; &nbsp; Estuvieron presentes el secretario municipal de Gobierno y Hacienda, Aldo \u00c1lvarez, junto a la coordinadora municipal de Proyectos Estrat\u00e9gicos, Mar\u00eda de los \u00c1ngeles Petit. &#8220;Nosotros creemos que es importante buscar la inclusi\u00f3n laboral de las mujeres que no solamente&#8230;<\/p>\n","protected":false},"author":3,"featured_media":104583,"comment_status":"closed","ping_status":"closed","sticky":false,"template":"","format":"standard","meta":[],"categories":[15],"tags":[],"_links":{"self":[{"href":"https:\/\/www.actualidadadiario.com\/index.php\/wp-json\/wp\/v2\/posts\/104582"}],"collection":[{"href":"https:\/\/www.actualidadadiario.com\/index.php\/wp-json\/wp\/v2\/posts"}],"about":[{"href":"https:\/\/www.actualidadadiario.com\/index.php\/wp-json\/wp\/v2\/types\/post"}],"author":[{"embeddable":true,"href":"https:\/\/www.actualidadadiario.com\/index.php\/wp-json\/wp\/v2\/users\/3"}],"replies":[{"embeddable":true,"href":"https:\/\/www.actualidadadiario.com\/index.php\/wp-json\/wp\/v2\/comments?post=104582"}],"version-history":[{"count":1,"href":"https:\/\/www.actualidadadiario.com\/index.php\/wp-json\/wp\/v2\/posts\/104582\/revisions"}],"predecessor-version":[{"id":104584,"href":"https:\/\/www.actualidadadiario.com\/index.php\/wp-json\/wp\/v2\/posts\/104582\/revisions\/104584"}],"wp:featuredmedia":[{"embeddable":true,"href":"https:\/\/www.actualidadadiario.com\/index.php\/wp-json\/wp\/v2\/media\/104583"}],"wp:attachment":[{"href":"https:\/\/www.actualidadadiario.com\/index.php\/wp-json\/wp\/v2\/media?parent=104582"}],"wp:term":[{"taxonomy":"category","embeddable":true,"href":"https:\/\/www.actualidadadiario.com\/index.php\/wp-json\/wp\/v2\/categories?post=104582"},{"taxonomy":"post_tag","embeddable":true,"href":"https:\/\/www.actualidadadiario.com\/index.php\/wp-json\/wp\/v2\/tags?post=104582"}],"curies":[{"name":"wp","href":"https:\/\/api.w.org\/{rel}","templated":true}]}}