{"id":104579,"date":"2023-07-11T13:11:56","date_gmt":"2023-07-11T16:11:56","guid":{"rendered":"https:\/\/www.actualidadadiario.com\/?p=104579"},"modified":"2023-07-11T13:11:56","modified_gmt":"2023-07-11T16:11:56","slug":"se-promulgo-una-ley-que-establece-una-nueva-area-natural-protegida","status":"publish","type":"post","link":"https:\/\/www.actualidadadiario.com\/index.php\/2023\/07\/11\/se-promulgo-una-ley-que-establece-una-nueva-area-natural-protegida\/","title":{"rendered":"Se promulg\u00f3 una ley que establece una nueva \u00e1rea natural protegida"},"content":{"rendered":"<p style=\"text-align: center;\"><em><strong>Se trata de La Porota, un \u00e1rea protegida ubicada en La Picada (departamento Paran\u00e1) en la que se implementan proyectos agroecol\u00f3gicos de la mano de dos cooperativas de trabajo<\/strong><\/em><\/p>\n<p>&nbsp;<\/p>\n<p>&nbsp;<\/p>\n<p>El Ejecutivo public\u00f3 en el Bolet\u00edn Oficial n\u00ba 27.645 la ley n\u00ba 11.094, la cual decreta a La Porota como un \u00e1rea protegida en la categor\u00eda Reserva de Usos M\u00faltiples. En la misma se llevan a cabo proyectos agroecol\u00f3gicos.<\/p>\n<p>La ley fue aprobada por diputados en mayo de este a\u00f1o y fue sancionada por el senado en junio. El proyecto fue impulsado por la diputada Carina Ramos (PJ).<\/p>\n<p>Este espacio rural se encuentra a 25 kil\u00f3metros de Paran\u00e1, en \u00e1rea de la cuenca del arroyo Las Conchas, distritos Espinillo y Tala.<\/p>\n<p>&nbsp;<\/p>\n<p><strong>Sobre el lugar<\/strong><\/p>\n<p>La Porota es una granja agroecol\u00f3gica situada en La Picada. All\u00ed, un grupo de personas llevan a cabo diferentes proyectos, entre los cuales se encuentran la Agencia para el Desarrollo de la Agricultura Familiar y la Seguridad Alimentaria de Paran\u00e1.<\/p>\n<p>El lugar posee 25 hect\u00e1reas (50% inundables), de las cuales 15 son de monte y en las restantes hay un alfalfar, una huerta, cultivo de stevia, un par de potreros con pastizales naturales con ovejas.<\/p>\n<p>Tambi\u00e9n plantaron \u00e1rboles frutales, hay un gallinero en el que cr\u00edan pollos y gallinas ponedoras; y cuentan con colmenas que est\u00e1n bajo la atenci\u00f3n de una cooperativa de trabajo que tambi\u00e9n desarrolla apicultura org\u00e1nica en el norte de la provincia.<\/p>\n","protected":false},"excerpt":{"rendered":"<p>Se trata de La Porota, un \u00e1rea protegida ubicada en La Picada (departamento Paran\u00e1) en la que se implementan proyectos agroecol\u00f3gicos de la mano de dos cooperativas de trabajo &nbsp; &nbsp; El Ejecutivo public\u00f3 en el Bolet\u00edn Oficial n\u00ba 27.645 la ley n\u00ba 11.094, la cual decreta a La Porota como un \u00e1rea protegida en la categor\u00eda Reserva de Usos M\u00faltiples. En la misma se llevan a cabo proyectos agroecol\u00f3gicos. La ley fue aprobada por diputados en mayo de este a\u00f1o y fue sancionada por el senado en junio. El&#8230;<\/p>\n","protected":false},"author":3,"featured_media":104580,"comment_status":"closed","ping_status":"closed","sticky":false,"template":"","format":"standard","meta":[],"categories":[15],"tags":[],"_links":{"self":[{"href":"https:\/\/www.actualidadadiario.com\/index.php\/wp-json\/wp\/v2\/posts\/104579"}],"collection":[{"href":"https:\/\/www.actualidadadiario.com\/index.php\/wp-json\/wp\/v2\/posts"}],"about":[{"href":"https:\/\/www.actualidadadiario.com\/index.php\/wp-json\/wp\/v2\/types\/post"}],"author":[{"embeddable":true,"href":"https:\/\/www.actualidadadiario.com\/index.php\/wp-json\/wp\/v2\/users\/3"}],"replies":[{"embeddable":true,"href":"https:\/\/www.actualidadadiario.com\/index.php\/wp-json\/wp\/v2\/comments?post=104579"}],"version-history":[{"count":1,"href":"https:\/\/www.actualidadadiario.com\/index.php\/wp-json\/wp\/v2\/posts\/104579\/revisions"}],"predecessor-version":[{"id":104581,"href":"https:\/\/www.actualidadadiario.com\/index.php\/wp-json\/wp\/v2\/posts\/104579\/revisions\/104581"}],"wp:featuredmedia":[{"embeddable":true,"href":"https:\/\/www.actualidadadiario.com\/index.php\/wp-json\/wp\/v2\/media\/104580"}],"wp:attachment":[{"href":"https:\/\/www.actualidadadiario.com\/index.php\/wp-json\/wp\/v2\/media?parent=104579"}],"wp:term":[{"taxonomy":"category","embeddable":true,"href":"https:\/\/www.actualidadadiario.com\/index.php\/wp-json\/wp\/v2\/categories?post=104579"},{"taxonomy":"post_tag","embeddable":true,"href":"https:\/\/www.actualidadadiario.com\/index.php\/wp-json\/wp\/v2\/tags?post=104579"}],"curies":[{"name":"wp","href":"https:\/\/api.w.org\/{rel}","templated":true}]}}