{"id":104568,"date":"2023-07-11T13:08:14","date_gmt":"2023-07-11T16:08:14","guid":{"rendered":"https:\/\/www.actualidadadiario.com\/?p=104568"},"modified":"2023-07-11T13:08:14","modified_gmt":"2023-07-11T16:08:14","slug":"alberto-fernandez-y-manzur-inauguran-un-nuevo-edificio-universitario","status":"publish","type":"post","link":"https:\/\/www.actualidadadiario.com\/index.php\/2023\/07\/11\/alberto-fernandez-y-manzur-inauguran-un-nuevo-edificio-universitario\/","title":{"rendered":"Alberto Fern\u00e1ndez y Manzur inauguran un nuevo edificio universitario"},"content":{"rendered":"<p style=\"text-align: center;\"><em><strong>El nuevo edificio est\u00e1 en la Facultad de Bioqu\u00edmica, Qu\u00edmica y Farmacia de la Universidad Nacional de Tucum\u00e1n (UNT)<\/strong><\/em><\/p>\n<p>&nbsp;<\/p>\n<p>&nbsp;<\/p>\n<p>El presidente Alberto Fern\u00e1ndez inaugurar\u00e1 este mediod\u00eda el nuevo edificio de la Facultad de Bioqu\u00edmica, Qu\u00edmica y Farmacia de la Universidad Nacional de Tucum\u00e1n (UNT) en la capital de esa provincia, se inform\u00f3 oficialmente.<\/p>\n<p>El acto comenzar\u00e1 a las 12 y contar\u00e1 con la presencia del gobernador tucumano, Juan Manzur, y el ministro de Obras P\u00fablicas, Gabriel Katopodis.<\/p>\n","protected":false},"excerpt":{"rendered":"<p>El nuevo edificio est\u00e1 en la Facultad de Bioqu\u00edmica, Qu\u00edmica y Farmacia de la Universidad Nacional de Tucum\u00e1n (UNT) &nbsp; &nbsp; El presidente Alberto Fern\u00e1ndez inaugurar\u00e1 este mediod\u00eda el nuevo edificio de la Facultad de Bioqu\u00edmica, Qu\u00edmica y Farmacia de la Universidad Nacional de Tucum\u00e1n (UNT) en la capital de esa provincia, se inform\u00f3 oficialmente. El acto comenzar\u00e1 a las 12 y contar\u00e1 con la presencia del gobernador tucumano, Juan Manzur, y el ministro de Obras P\u00fablicas, Gabriel Katopodis.<\/p>\n","protected":false},"author":3,"featured_media":104569,"comment_status":"closed","ping_status":"closed","sticky":false,"template":"","format":"standard","meta":[],"categories":[18],"tags":[],"_links":{"self":[{"href":"https:\/\/www.actualidadadiario.com\/index.php\/wp-json\/wp\/v2\/posts\/104568"}],"collection":[{"href":"https:\/\/www.actualidadadiario.com\/index.php\/wp-json\/wp\/v2\/posts"}],"about":[{"href":"https:\/\/www.actualidadadiario.com\/index.php\/wp-json\/wp\/v2\/types\/post"}],"author":[{"embeddable":true,"href":"https:\/\/www.actualidadadiario.com\/index.php\/wp-json\/wp\/v2\/users\/3"}],"replies":[{"embeddable":true,"href":"https:\/\/www.actualidadadiario.com\/index.php\/wp-json\/wp\/v2\/comments?post=104568"}],"version-history":[{"count":1,"href":"https:\/\/www.actualidadadiario.com\/index.php\/wp-json\/wp\/v2\/posts\/104568\/revisions"}],"predecessor-version":[{"id":104570,"href":"https:\/\/www.actualidadadiario.com\/index.php\/wp-json\/wp\/v2\/posts\/104568\/revisions\/104570"}],"wp:featuredmedia":[{"embeddable":true,"href":"https:\/\/www.actualidadadiario.com\/index.php\/wp-json\/wp\/v2\/media\/104569"}],"wp:attachment":[{"href":"https:\/\/www.actualidadadiario.com\/index.php\/wp-json\/wp\/v2\/media?parent=104568"}],"wp:term":[{"taxonomy":"category","embeddable":true,"href":"https:\/\/www.actualidadadiario.com\/index.php\/wp-json\/wp\/v2\/categories?post=104568"},{"taxonomy":"post_tag","embeddable":true,"href":"https:\/\/www.actualidadadiario.com\/index.php\/wp-json\/wp\/v2\/tags?post=104568"}],"curies":[{"name":"wp","href":"https:\/\/api.w.org\/{rel}","templated":true}]}}