{"id":104563,"date":"2023-07-11T13:06:17","date_gmt":"2023-07-11T16:06:17","guid":{"rendered":"https:\/\/www.actualidadadiario.com\/?p=104563"},"modified":"2023-07-11T13:06:17","modified_gmt":"2023-07-11T16:06:17","slug":"el-senado-comienza-a-debatir-el-proyecto-sobre-lavado-de-dinero","status":"publish","type":"post","link":"https:\/\/www.actualidadadiario.com\/index.php\/2023\/07\/11\/el-senado-comienza-a-debatir-el-proyecto-sobre-lavado-de-dinero\/","title":{"rendered":"El Senado comienza a debatir el proyecto sobre lavado de dinero"},"content":{"rendered":"<p style=\"text-align: center;\"><em><strong>La sanci\u00f3n de esta iniciativa es considerada clave para el Gobierno ya que el pr\u00f3ximo a\u00f1o hay una nueva revisi\u00f3n t\u00e9cnica del Grupo de Acci\u00f3n Financiera Internacional<\/strong><\/em><\/p>\n<p>&nbsp;<\/p>\n<p>&nbsp;<\/p>\n<p>La C\u00e1mara de Senadores comenzar\u00e1 a debatir este martes por la tarde el proyecto de ley que modifica el C\u00f3digo Penal respecto de la prevenci\u00f3n y represi\u00f3n del lavado de activos, la financiaci\u00f3n del terrorismo y el financiamiento de armas de destrucci\u00f3n masiva, y que ya cuenta con media sanci\u00f3n de Diputados.<\/p>\n<p>El encuentro se llevar\u00e1 a cabo a partir de las 17.30 en el Sal\u00f3n Arturo Illia del Palacio Legislativo y contar\u00e1 con la presencia de funcionarios del Ministerio de Econom\u00eda, de la Unidad de Informaci\u00f3n Financiera (UIF) y de la Comisi\u00f3n Nacional de Valores (CNV), seg\u00fan se inform\u00f3 oficialmente.<\/p>\n<p>En principio, fueron invitados a participar el titular de la Secretar\u00eda Legal y Administrativa del Palacio de Hacienda, Ricardo Casal; el titular de la UIF, Juan Carlos Otero; y el director de la CNV, Mart\u00edn Breinlinger.<\/p>\n<p>El proyecto sobre prevenci\u00f3n y persecuci\u00f3n de lavado de activos, que es impulsado por el Poder Ejecutivo y que fue aprobado por la C\u00e1mara de Diputados a mediados de abril pasado, tiene como ejes centrales las modificaciones al C\u00f3digo Penal, la reforma de la Ley de Encubrimiento y Lavado de Activos de origen delictivo (Ley 25.246) y la creaci\u00f3n de un registro de activos virtuales.<\/p>\n<p>La sanci\u00f3n de esta iniciativa es considerada clave para el Gobierno ya que el pr\u00f3ximo a\u00f1o hay una nueva revisi\u00f3n t\u00e9cnica del Grupo de Acci\u00f3n Financiera Internacional (GAFI), y la Argentina debe actualizar su legislaci\u00f3n a las nuevas normas dictadas por la entidad.<\/p>\n<p>La iniciativa -girada en revisi\u00f3n desde la C\u00e1mara baja al Senado- convierte a la UIF en un organismo descentralizado de la Administraci\u00f3n P\u00fablica Nacional, en jurisdicci\u00f3n de Econom\u00eda, con personer\u00eda jur\u00eddica propia, que funcionar\u00e1 con autonom\u00eda y autarqu\u00eda funcional, administrativa, econ\u00f3mica y financiera.<\/p>\n","protected":false},"excerpt":{"rendered":"<p>La sanci\u00f3n de esta iniciativa es considerada clave para el Gobierno ya que el pr\u00f3ximo a\u00f1o hay una nueva revisi\u00f3n t\u00e9cnica del Grupo de Acci\u00f3n Financiera Internacional &nbsp; &nbsp; La C\u00e1mara de Senadores comenzar\u00e1 a debatir este martes por la tarde el proyecto de ley que modifica el C\u00f3digo Penal respecto de la prevenci\u00f3n y represi\u00f3n del lavado de activos, la financiaci\u00f3n del terrorismo y el financiamiento de armas de destrucci\u00f3n masiva, y que ya cuenta con media sanci\u00f3n de Diputados. El encuentro se llevar\u00e1 a cabo a partir de&#8230;<\/p>\n","protected":false},"author":3,"featured_media":90754,"comment_status":"closed","ping_status":"closed","sticky":false,"template":"","format":"standard","meta":[],"categories":[18],"tags":[],"_links":{"self":[{"href":"https:\/\/www.actualidadadiario.com\/index.php\/wp-json\/wp\/v2\/posts\/104563"}],"collection":[{"href":"https:\/\/www.actualidadadiario.com\/index.php\/wp-json\/wp\/v2\/posts"}],"about":[{"href":"https:\/\/www.actualidadadiario.com\/index.php\/wp-json\/wp\/v2\/types\/post"}],"author":[{"embeddable":true,"href":"https:\/\/www.actualidadadiario.com\/index.php\/wp-json\/wp\/v2\/users\/3"}],"replies":[{"embeddable":true,"href":"https:\/\/www.actualidadadiario.com\/index.php\/wp-json\/wp\/v2\/comments?post=104563"}],"version-history":[{"count":1,"href":"https:\/\/www.actualidadadiario.com\/index.php\/wp-json\/wp\/v2\/posts\/104563\/revisions"}],"predecessor-version":[{"id":104564,"href":"https:\/\/www.actualidadadiario.com\/index.php\/wp-json\/wp\/v2\/posts\/104563\/revisions\/104564"}],"wp:featuredmedia":[{"embeddable":true,"href":"https:\/\/www.actualidadadiario.com\/index.php\/wp-json\/wp\/v2\/media\/90754"}],"wp:attachment":[{"href":"https:\/\/www.actualidadadiario.com\/index.php\/wp-json\/wp\/v2\/media?parent=104563"}],"wp:term":[{"taxonomy":"category","embeddable":true,"href":"https:\/\/www.actualidadadiario.com\/index.php\/wp-json\/wp\/v2\/categories?post=104563"},{"taxonomy":"post_tag","embeddable":true,"href":"https:\/\/www.actualidadadiario.com\/index.php\/wp-json\/wp\/v2\/tags?post=104563"}],"curies":[{"name":"wp","href":"https:\/\/api.w.org\/{rel}","templated":true}]}}