{"id":104560,"date":"2023-07-11T13:05:28","date_gmt":"2023-07-11T16:05:28","guid":{"rendered":"https:\/\/www.actualidadadiario.com\/?p=104560"},"modified":"2023-07-11T13:05:28","modified_gmt":"2023-07-11T16:05:28","slug":"jxc-llega-partido-a-la-primaria-de-santa-fe-que-sera-un-anticipo-de-la-nacional","status":"publish","type":"post","link":"https:\/\/www.actualidadadiario.com\/index.php\/2023\/07\/11\/jxc-llega-partido-a-la-primaria-de-santa-fe-que-sera-un-anticipo-de-la-nacional\/","title":{"rendered":"JxC llega partido a la primaria de Santa Fe, que ser\u00e1 un anticipo de la nacional"},"content":{"rendered":"<p style=\"text-align: center;\"><em><strong>Los candidatos a presidente de la coalici\u00f3n opositora coinciden en que el domingo uno quedar\u00e1 m\u00e1s fortalecido de cara a agosto<\/strong><\/em><\/p>\n<p>&nbsp;<\/p>\n<p>&nbsp;<\/p>\n<p>&nbsp;<\/p>\n<p>A menos de una semana de las PASO en Santa Fe, se recalienta la interna de Juntos por el Cambio. Los fuertes cruces entre los dos principales precandidatos a gobernador de ese espacio, Maximiliano Pullaro y Carolina Losada, dejaron a la vista las diferencias a nivel nacional y dan un indicio de lo que podr\u00eda suceder de cara a las primarias del 13 de agosto en las que se dirimir\u00e1n las candidaturas presidenciales.<\/p>\n<p>Las acusaciones de Losada a Pullaro llegaron a un punto de no retorno. La senadora radical, que en m\u00e1s de una oportunidad desliz\u00f3 que su contrincante tiene v\u00ednculos con el narcotr\u00e1fico, se encarg\u00f3 de subrayar que no trabajar\u00e1n juntos despu\u00e9s del 16 de julio pr\u00f3ximo, cualquiera sea el resultado. Ante ese panorama, la alianza Unidos para Cambiar Santa Fe qued\u00f3 quebrada antes de que se lleven adelante los comicios. La socialista M\u00f3nica Fein, que tambi\u00e9n participar\u00e1 de esa interna, eligi\u00f3 mantenerse al margen de los agravios discursivos.<\/p>\n<p>Cada vez m\u00e1s, Losada descansa en la figura de la precandidata a presidenta Patricia Bullrich para reforzar la campa\u00f1a provincial -algo que se intensificar\u00e1 en los pr\u00f3ximos d\u00edas-, del mismo modo que recibi\u00f3 el apoyo del ex presidente Mauricio Macri. Del otro lado, Pullaro tiene el acompa\u00f1amiento del otro postulante a la presidencia de Juntos por el Cambio, Horacio Rodr\u00edguez Larreta, y del precandidato a jefe de Gobierno porte\u00f1o, Mart\u00edn Lousteau.<\/p>\n<p>A esta altura, en la coalici\u00f3n opositora creen que los resultados de las PASO en Santa Fe ser\u00e1n como una especie de term\u00f3metro de lo que pasa en el terreno nacional entre Bullrich y Rodr\u00edguez Larreta. Como m\u00ednimo, tendr\u00e1n alg\u00fan impacto en la disputa que hay entre ambos postulantes a la presidencia.<\/p>\n<p>Hasta ahora, el mandatario porte\u00f1o y la ex ministra de Seguridad viajaron a las diferentes provincias para acompa\u00f1ar a los candidatos de Juntos por el Cambio, siempre seg\u00fan la cercan\u00eda pol\u00edtica de cada uno, pero nunca coincidieron en un mismo distrito, ya que ni siquiera en los casos en los que hubo internas -como en Mendoza- el escenario asomaba como el santafecino.<\/p>\n<p>Aunque falta que lo terminen de confirmar, se espera que el domingo pr\u00f3ximo Bullrich viaje a Santa Fe para acompa\u00f1ar a Losada y Rodr\u00edguez Larreta haga lo mismo para estar en el comando de campa\u00f1a con Pullaro.<\/p>\n<p>Aunque en la alianza opositora creen que el peronista Marcelo Lewandowsky ser\u00e1 el candidato m\u00e1s votado, conf\u00edan en que Unidos para Cambiar Santa Fe ser\u00e1 el frente que reunir\u00e1 m\u00e1s votos. Lo que no est\u00e1 tan claro es qui\u00e9n de ese espacio se impondr\u00e1 en las primarias. Seg\u00fan las \u00faltimas encuestas, Losada y Pullaro est\u00e1n parejos, por lo que estos \u00faltimos d\u00edas antes de la veda electoral ser\u00e1n claves para inclinar la balanza para un lado u otro.<\/p>\n<p>Ambos candidatos decidieron recurrir a la Justicia para resolver la puja interna. Losada realiz\u00f3 el mes pasado una presentaci\u00f3n ante el Tribunal Electoral de Santa Fe para denunciar una &#8220;campa\u00f1a sucia&#8221;, mientras que Pullaro querell\u00f3 a responsables de p\u00e1ginas web por la publicaci\u00f3n de supuestas &#8220;fake news&#8221;.<\/p>\n<p>En las \u00faltimas horas, el Tribunal Electoral solicit\u00f3 a Google que baje algunas publicaciones referidas a Losada, pero aclar\u00f3 que no hay &#8220;campa\u00f1a sucia&#8221;.<\/p>\n<p>Pese a las diferencias, en el PJ santafesino, los cuatro candidatos prefirieron ce\u00f1ir el debate dentro de los marcos provinciales. Adem\u00e1s de Lewandowsky, que cuenta con el aval del gobernador, Omar Perotti; se presentar\u00e1n los diputados nacionales Eduardo Toniolli (Movimiento Evita) y Marcos Cleri (La C\u00e1mpora), y el legislador provincial Leandro Busatto, cercano al jefe de Gabinete y precandidato a vicepresidente, Agust\u00edn Rossi.<\/p>\n","protected":false},"excerpt":{"rendered":"<p>Los candidatos a presidente de la coalici\u00f3n opositora coinciden en que el domingo uno quedar\u00e1 m\u00e1s fortalecido de cara a agosto &nbsp; &nbsp; &nbsp; A menos de una semana de las PASO en Santa Fe, se recalienta la interna de Juntos por el Cambio. Los fuertes cruces entre los dos principales precandidatos a gobernador de ese espacio, Maximiliano Pullaro y Carolina Losada, dejaron a la vista las diferencias a nivel nacional y dan un indicio de lo que podr\u00eda suceder de cara a las primarias del 13 de agosto en&#8230;<\/p>\n","protected":false},"author":3,"featured_media":104561,"comment_status":"closed","ping_status":"closed","sticky":false,"template":"","format":"standard","meta":[],"categories":[18],"tags":[],"_links":{"self":[{"href":"https:\/\/www.actualidadadiario.com\/index.php\/wp-json\/wp\/v2\/posts\/104560"}],"collection":[{"href":"https:\/\/www.actualidadadiario.com\/index.php\/wp-json\/wp\/v2\/posts"}],"about":[{"href":"https:\/\/www.actualidadadiario.com\/index.php\/wp-json\/wp\/v2\/types\/post"}],"author":[{"embeddable":true,"href":"https:\/\/www.actualidadadiario.com\/index.php\/wp-json\/wp\/v2\/users\/3"}],"replies":[{"embeddable":true,"href":"https:\/\/www.actualidadadiario.com\/index.php\/wp-json\/wp\/v2\/comments?post=104560"}],"version-history":[{"count":1,"href":"https:\/\/www.actualidadadiario.com\/index.php\/wp-json\/wp\/v2\/posts\/104560\/revisions"}],"predecessor-version":[{"id":104562,"href":"https:\/\/www.actualidadadiario.com\/index.php\/wp-json\/wp\/v2\/posts\/104560\/revisions\/104562"}],"wp:featuredmedia":[{"embeddable":true,"href":"https:\/\/www.actualidadadiario.com\/index.php\/wp-json\/wp\/v2\/media\/104561"}],"wp:attachment":[{"href":"https:\/\/www.actualidadadiario.com\/index.php\/wp-json\/wp\/v2\/media?parent=104560"}],"wp:term":[{"taxonomy":"category","embeddable":true,"href":"https:\/\/www.actualidadadiario.com\/index.php\/wp-json\/wp\/v2\/categories?post=104560"},{"taxonomy":"post_tag","embeddable":true,"href":"https:\/\/www.actualidadadiario.com\/index.php\/wp-json\/wp\/v2\/tags?post=104560"}],"curies":[{"name":"wp","href":"https:\/\/api.w.org\/{rel}","templated":true}]}}