{"id":104557,"date":"2023-07-11T13:04:37","date_gmt":"2023-07-11T16:04:37","guid":{"rendered":"https:\/\/www.actualidadadiario.com\/?p=104557"},"modified":"2023-07-11T13:04:37","modified_gmt":"2023-07-11T16:04:37","slug":"milei-pidio-cambiar-su-voto-en-dos-proyectos-pero-diputados-se-lo-nego-este-atento-al-votar","status":"publish","type":"post","link":"https:\/\/www.actualidadadiario.com\/index.php\/2023\/07\/11\/milei-pidio-cambiar-su-voto-en-dos-proyectos-pero-diputados-se-lo-nego-este-atento-al-votar\/","title":{"rendered":"Milei pidi\u00f3 cambiar su voto en dos proyectos, pero Diputados se lo neg\u00f3: &#8220;Est\u00e9 atento al votar&#8221;"},"content":{"rendered":"<p style=\"text-align: center;\"><em><strong>El precandidato presidencial por La Libertad Avanza pidi\u00f3 cambiar su voto sobre dos proyectos de ley ya tratados. Se trata de \u201cTr\u00e1mite de Fe de Vida para jubilados\u201d y \u201cD\u00eda de Duelo Nacional, el 18 de julio en homenaje a las v\u00edctimas del atentado a la AMIA\u201d. Desde la Presidencia de la C\u00e1mara no se lo permitieron<\/strong><\/em><\/p>\n<p>&nbsp;<\/p>\n<p>&nbsp;<\/p>\n<p>Javier Milei, diputado nacional por la Libertad Avanza (LLA) pidi\u00f3 este lunes cambiar su voto sobre dos proyectos de ley tratados la semana pasada en la C\u00e1mara baja, aunque le respondieron que ese tr\u00e1mite no se puede hacer y le recomendaron que sepa lo que se est\u00e1 tratando y est\u00e9 \u201catento\u201d al momento de votar en el recinto.<\/p>\n<p>Mediante una nota dirigida a la Presidencia de Diputados, el libertario solicit\u00f3 cambiar de negativos a positivos sus votos en los proyectos de \u201cTr\u00e1mite de Fe de Vida para jubilados\u201d y de \u201cD\u00eda de Duelo Nacional, el 18 de julio en homenaje a las v\u00edctimas del atentado a la AMIA\u201d.<\/p>\n<p>Sin embargo, la Presidencia de la C\u00e1mara aclar\u00f3 que \u201cse puede sumar una observaci\u00f3n en el acta por auditor\u00eda, pero no modificar el sentido del voto\u201d.<\/p>\n<p>Aquellas dos iniciativas se votaron en \u201cpaquete\u201d junto a otras seis a partir de un acuerdo entre las diferentes fuerzas que integran la C\u00e1mara, con una votaci\u00f3n previa que requiri\u00f3 una mayor\u00eda especial de tres cuartos para incluir los temas sobre tablas.<\/p>\n<p>Molesto por el proceso, Milei y su compa\u00f1era de bloque, Victoria Villarruel, a la vez precandidatos a presidente y vice de LLA respectivamente, votaron en contra; pero d\u00edas despu\u00e9s recibieron muchas cr\u00edticas por oponerse a leyes que benefician a los jubilados y que homenajean a la comunidad jud\u00eda.<\/p>\n<p>Ante ello, el libertario le envi\u00f3 a Cecilia Moreau la nota en la que pide: \u201cCambiar el sentido de mi voto y dejar asentado mi voto afirmativo en relaci\u00f3n a esos dos expedientes\u201d. \u201cRatifico mi desacuerdo con respecto al tratamiento y aprobaci\u00f3n acelerada en modalidad &#8216;paquete&#8217; de diferentes expedientes dentro del recinto de la C\u00e1mara, y espero se considere\u201d, concluy\u00f3.<\/p>\n<p>Ante esta solicitud, Germ\u00e1n Mart\u00ednez, titular de la bancada del Frente de Todos expres\u00f3, en sus redes: \u201cEl pedido del diputado Milei es incorrecto; no se puede cambiar el sentido del voto de una ley, por m\u00e1s notas que mande a la Presidencia del cuerpo. Por eso es importante: 1) ir a las sesiones; 2) saber lo que se est\u00e1 votando; 3) estar atento al momento de votar\u201d.<\/p>\n","protected":false},"excerpt":{"rendered":"<p>El precandidato presidencial por La Libertad Avanza pidi\u00f3 cambiar su voto sobre dos proyectos de ley ya tratados. Se trata de \u201cTr\u00e1mite de Fe de Vida para jubilados\u201d y \u201cD\u00eda de Duelo Nacional, el 18 de julio en homenaje a las v\u00edctimas del atentado a la AMIA\u201d. Desde la Presidencia de la C\u00e1mara no se lo permitieron &nbsp; &nbsp; Javier Milei, diputado nacional por la Libertad Avanza (LLA) pidi\u00f3 este lunes cambiar su voto sobre dos proyectos de ley tratados la semana pasada en la C\u00e1mara baja, aunque le respondieron&#8230;<\/p>\n","protected":false},"author":3,"featured_media":104558,"comment_status":"closed","ping_status":"closed","sticky":false,"template":"","format":"standard","meta":[],"categories":[18],"tags":[],"_links":{"self":[{"href":"https:\/\/www.actualidadadiario.com\/index.php\/wp-json\/wp\/v2\/posts\/104557"}],"collection":[{"href":"https:\/\/www.actualidadadiario.com\/index.php\/wp-json\/wp\/v2\/posts"}],"about":[{"href":"https:\/\/www.actualidadadiario.com\/index.php\/wp-json\/wp\/v2\/types\/post"}],"author":[{"embeddable":true,"href":"https:\/\/www.actualidadadiario.com\/index.php\/wp-json\/wp\/v2\/users\/3"}],"replies":[{"embeddable":true,"href":"https:\/\/www.actualidadadiario.com\/index.php\/wp-json\/wp\/v2\/comments?post=104557"}],"version-history":[{"count":1,"href":"https:\/\/www.actualidadadiario.com\/index.php\/wp-json\/wp\/v2\/posts\/104557\/revisions"}],"predecessor-version":[{"id":104559,"href":"https:\/\/www.actualidadadiario.com\/index.php\/wp-json\/wp\/v2\/posts\/104557\/revisions\/104559"}],"wp:featuredmedia":[{"embeddable":true,"href":"https:\/\/www.actualidadadiario.com\/index.php\/wp-json\/wp\/v2\/media\/104558"}],"wp:attachment":[{"href":"https:\/\/www.actualidadadiario.com\/index.php\/wp-json\/wp\/v2\/media?parent=104557"}],"wp:term":[{"taxonomy":"category","embeddable":true,"href":"https:\/\/www.actualidadadiario.com\/index.php\/wp-json\/wp\/v2\/categories?post=104557"},{"taxonomy":"post_tag","embeddable":true,"href":"https:\/\/www.actualidadadiario.com\/index.php\/wp-json\/wp\/v2\/tags?post=104557"}],"curies":[{"name":"wp","href":"https:\/\/api.w.org\/{rel}","templated":true}]}}