{"id":104555,"date":"2023-07-11T13:03:45","date_gmt":"2023-07-11T16:03:45","guid":{"rendered":"https:\/\/www.actualidadadiario.com\/?p=104555"},"modified":"2023-07-11T13:03:45","modified_gmt":"2023-07-11T16:03:45","slug":"para-larreta-la-interna-con-bullrich-no-le-hara-perder-votos-a-juntos-por-el-cambio","status":"publish","type":"post","link":"https:\/\/www.actualidadadiario.com\/index.php\/2023\/07\/11\/para-larreta-la-interna-con-bullrich-no-le-hara-perder-votos-a-juntos-por-el-cambio\/","title":{"rendered":"Para Larreta la interna con Bullrich no le har\u00e1 perder votos a Juntos por el Cambio"},"content":{"rendered":"<p style=\"text-align: center;\"><em><strong>El precandidato presidencial analiz\u00f3 c\u00f3mo puede impactar la disputa interna con la exministra de Seguridad. Adem\u00e1s reconoci\u00f3 las virtudes pol\u00edticas de Macri y puso pa\u00f1os fr\u00edos a la tensi\u00f3n dentro de Juntos por el Cambio<\/strong><\/em><\/p>\n<p>&nbsp;<\/p>\n<p>&nbsp;<\/p>\n<p>El jefe de Gobierno de la CABA y precandidato presidencial, Horacio Rodr\u00edguez Larreta, consider\u00f3 que la feroz disputa interna y los cruces con su contrincante de las PASO, Patricia Bullrich, no causar\u00e1n una merma en los votos de Juntos por el Cambio (JxC).<\/p>\n<p>Larreta dej\u00f3 en claro las diferencias de forma con su contrincante de las primarias del pr\u00f3ximo 13 de agosto al mismo tiempo que puso pa\u00f1os fr\u00edos a la tensi\u00f3n causa en la relaci\u00f3n con el expresidente Mauricio Macri, con quien hab\u00eda demostrado cierto distanciamiento en declaraciones anteriores.<\/p>\n<p>&nbsp;<\/p>\n<p><strong>Interna Larreta-Bullrich: estiman que no habr\u00e1 impacto en los votos<\/strong><\/p>\n<p>Para el precandidato presidencial del PRO, las diferencias de visi\u00f3n dentro de JxC no van a generar una fuga de votos. Compar\u00f3 as\u00ed la situaci\u00f3n actual con la que ocurri\u00f3 en las internas de 2019, cuando le gan\u00f3 la pulseada a Gabriela Michetti y logr\u00f3 la reelecci\u00f3n a jefe de Gobierno porte\u00f1o.<\/p>\n<p>\u201cNo me hago cargo de la demonizaci\u00f3n, una pelea necesita de a dos como el tango, pero de mi parte no se escuch\u00f3 un agravio m\u00edo\u201d, indic\u00f3 Rodr\u00edguez Larreta este lunes en una entrevista con LN+. En ese sentido, aclar\u00f3: \u201cLa \u00fanica manera de ganarle al kirchnerismo es juntos para recuperar el salario y la tranquilidad\u201d.<\/p>\n<p>Seguido, explic\u00f3 c\u00f3mo fue que JxC no perdi\u00f3 votos a pesar de la interna, lo que vincul\u00f3 a la situaci\u00f3n actual. \u201cYa pas\u00e9 por esto en la interna con Gabriela Michetti, y esa noche est\u00e1bamos juntos trabajando y no perdimos ni un solo voto\u201d, se\u00f1al\u00f3 Larreta.<\/p>\n<p>Por otra parte, el jefe de Gobierno porte\u00f1o habl\u00f3 de su relaci\u00f3n con Mauricio Macri. \u201cEl convenio que hizo Mauricio Macri, nobleza obliga, con los petroleros en Neuqu\u00e9n por Vaca Muerta potenci\u00f3 mucho la producci\u00f3n de Vaca Muerta\u201d, precis\u00f3, en relaci\u00f3n a la gesti\u00f3n del expresidente. \u201cEstoy reconociendo algo que inici\u00f3 Macri, que fue el desarrollo de Vaca Muerta\u201d, agreg\u00f3.<\/p>\n<p>\u201cTengo mi posici\u00f3n, la expreso, voy por el cambio. Voy por la Argentina de buscar mayor\u00edas para resultados y hechos, no creo en la confrontaci\u00f3n. He tenido algunas diferencias (en relaci\u00f3n a Macri) pero parte de tener una buena relaci\u00f3n es saber administrar las diferencias\u201d, consider\u00f3 Larreta sobre el v\u00ednculo con el expresidente.<\/p>\n","protected":false},"excerpt":{"rendered":"<p>El precandidato presidencial analiz\u00f3 c\u00f3mo puede impactar la disputa interna con la exministra de Seguridad. Adem\u00e1s reconoci\u00f3 las virtudes pol\u00edticas de Macri y puso pa\u00f1os fr\u00edos a la tensi\u00f3n dentro de Juntos por el Cambio &nbsp; &nbsp; El jefe de Gobierno de la CABA y precandidato presidencial, Horacio Rodr\u00edguez Larreta, consider\u00f3 que la feroz disputa interna y los cruces con su contrincante de las PASO, Patricia Bullrich, no causar\u00e1n una merma en los votos de Juntos por el Cambio (JxC). Larreta dej\u00f3 en claro las diferencias de forma con su&#8230;<\/p>\n","protected":false},"author":3,"featured_media":104299,"comment_status":"closed","ping_status":"closed","sticky":false,"template":"","format":"standard","meta":[],"categories":[9],"tags":[],"_links":{"self":[{"href":"https:\/\/www.actualidadadiario.com\/index.php\/wp-json\/wp\/v2\/posts\/104555"}],"collection":[{"href":"https:\/\/www.actualidadadiario.com\/index.php\/wp-json\/wp\/v2\/posts"}],"about":[{"href":"https:\/\/www.actualidadadiario.com\/index.php\/wp-json\/wp\/v2\/types\/post"}],"author":[{"embeddable":true,"href":"https:\/\/www.actualidadadiario.com\/index.php\/wp-json\/wp\/v2\/users\/3"}],"replies":[{"embeddable":true,"href":"https:\/\/www.actualidadadiario.com\/index.php\/wp-json\/wp\/v2\/comments?post=104555"}],"version-history":[{"count":1,"href":"https:\/\/www.actualidadadiario.com\/index.php\/wp-json\/wp\/v2\/posts\/104555\/revisions"}],"predecessor-version":[{"id":104556,"href":"https:\/\/www.actualidadadiario.com\/index.php\/wp-json\/wp\/v2\/posts\/104555\/revisions\/104556"}],"wp:featuredmedia":[{"embeddable":true,"href":"https:\/\/www.actualidadadiario.com\/index.php\/wp-json\/wp\/v2\/media\/104299"}],"wp:attachment":[{"href":"https:\/\/www.actualidadadiario.com\/index.php\/wp-json\/wp\/v2\/media?parent=104555"}],"wp:term":[{"taxonomy":"category","embeddable":true,"href":"https:\/\/www.actualidadadiario.com\/index.php\/wp-json\/wp\/v2\/categories?post=104555"},{"taxonomy":"post_tag","embeddable":true,"href":"https:\/\/www.actualidadadiario.com\/index.php\/wp-json\/wp\/v2\/tags?post=104555"}],"curies":[{"name":"wp","href":"https:\/\/api.w.org\/{rel}","templated":true}]}}