{"id":104552,"date":"2023-07-11T13:02:06","date_gmt":"2023-07-11T16:02:06","guid":{"rendered":"https:\/\/www.actualidadadiario.com\/?p=104552"},"modified":"2023-07-11T13:02:06","modified_gmt":"2023-07-11T16:02:06","slug":"la-campana-de-sergio-massa-entre-la-gestion-y-la-polarizacion-con-juntos-por-el-cambio","status":"publish","type":"post","link":"https:\/\/www.actualidadadiario.com\/index.php\/2023\/07\/11\/la-campana-de-sergio-massa-entre-la-gestion-y-la-polarizacion-con-juntos-por-el-cambio\/","title":{"rendered":"La campa\u00f1a de Sergio Massa, entre la gesti\u00f3n y la polarizaci\u00f3n con Juntos por el Cambio"},"content":{"rendered":"<p style=\"text-align: center;\"><em><strong>El precandidato presidencial de Uni\u00f3n por la Patria prepara nuevos anuncios en el marco de la gesti\u00f3n. La agenda del ministro estar\u00e1 dividida adem\u00e1s en recorridas y actos referidos a la campa\u00f1a electoral<\/strong><\/em><\/p>\n<p>&nbsp;<\/p>\n<p>&nbsp;<\/p>\n<p>&nbsp;<\/p>\n<p>Desde la concreci\u00f3n de la f\u00f3rmula de Uni\u00f3n por la Patria, el precandidato presidencial Sergio Massa apost\u00f3 en este tramo de la campa\u00f1a a continuar con la gesti\u00f3n en el ministerio de Econom\u00eda y dividir el tiempo en las tareas electorales con vistas a las PASO 2023.<\/p>\n<p>A un mes de las elecciones primarias, el ministro de Econom\u00eda concentra todos los esfuerzos con avanzar en los anuncios de la gesti\u00f3n, y sobre todo en cerrar un acuerdo con el Fondo Monetario Internacional. Una misi\u00f3n del equipo econ\u00f3mico viajar\u00e1 este martes a Washington encabezada por el viceministro Gabriel Rubinstein.<\/p>\n<p>En los \u00faltimos d\u00edas, Massa protagoniz\u00f3 uno de los hitos de la gesti\u00f3n con la inauguraci\u00f3n del gasoducto N\u00e9stor Kirchner, y se llev\u00f3 los halagos de la vicepresidenta Cristina Kirchner. Incluso tuvo que confrontar con las cr\u00edticas de la oposici\u00f3n por la puesta en marcha de la obra. Este mediod\u00eda encabezar\u00e1 anuncios para los jubilados junto a la titular de la Anses, Fernanda Raverta.<\/p>\n<p>C\u00f3mo parte de la estrategia electoral, el candidato busc\u00f3 confrontar con los rivales opositores a quienes les pidi\u00f3 que sinceren sus propuestas de ajuste. &#8220;Lo que tienen que decir es d\u00f3nde van a ajustar. A m\u00ed me gustar\u00eda que haya sinceridad a la hora de plantear un ajuste con represi\u00f3n. Que les digan a los trabajadores de Aerol\u00edneas, del Correo Argentino y de Aysa que van a cerrar y privatizar&#8221;, sostuvo Massa.<\/p>\n<p>En cuanto a la idea opositora de que Uni\u00f3n por la Patria busca instalar la campa\u00f1a del miedo, el ministro aclar\u00f3 que &#8220;son ellos&#8221; los promotores que &#8220;amenazan&#8221; con reprimir a las protestas sociales. Massa le apunt\u00f3 a Patricia Bullrich y Rodr\u00edguez Larreta por su participaci\u00f3n en el gobierno de la Alianza en 2001. &#8220;Son parte del mismo espacio y del mismo esquema a la hora de sacarle el 13% a los jubilados&#8221;, record\u00f3.<\/p>\n<p>Los dardos contra Bullrich continuaron: &#8220;\u00bfCu\u00e1l es Patricia Bullrich? \u00bfLa de Montoneros, la de Menem, la que estaba con Carri\u00f3, la que trataba a Macri de delincuente?&#8221;, agreg\u00f3. Los cuestionamientos fueron interpretados en el Pro como una supuesta de necesidad de buscar una polarizaci\u00f3n con la candidata ante el crecimiento en las encuestas sobre el jefe de gobierno porte\u00f1o.<\/p>\n<p>Seg\u00fan anticip\u00f3 el candidato, seguir\u00e1 al frente de la cartera econ\u00f3mica hasta finalizar la gesti\u00f3n, salvo que lo deciden el presidente Alberto Fern\u00e1ndez y la vicepresidenta &#8220;de acuerdo a c\u00f3mo se vaya dando el contexto&#8221;. Massa aclar\u00f3 que su tarea central es la gesti\u00f3n y que las cuestiones de campa\u00f1a las deja &#8220;para despu\u00e9s de las seis de la tarde&#8221;.<\/p>\n","protected":false},"excerpt":{"rendered":"<p>El precandidato presidencial de Uni\u00f3n por la Patria prepara nuevos anuncios en el marco de la gesti\u00f3n. La agenda del ministro estar\u00e1 dividida adem\u00e1s en recorridas y actos referidos a la campa\u00f1a electoral &nbsp; &nbsp; &nbsp; Desde la concreci\u00f3n de la f\u00f3rmula de Uni\u00f3n por la Patria, el precandidato presidencial Sergio Massa apost\u00f3 en este tramo de la campa\u00f1a a continuar con la gesti\u00f3n en el ministerio de Econom\u00eda y dividir el tiempo en las tareas electorales con vistas a las PASO 2023. A un mes de las elecciones primarias,&#8230;<\/p>\n","protected":false},"author":3,"featured_media":104553,"comment_status":"closed","ping_status":"closed","sticky":false,"template":"","format":"standard","meta":[],"categories":[9],"tags":[],"_links":{"self":[{"href":"https:\/\/www.actualidadadiario.com\/index.php\/wp-json\/wp\/v2\/posts\/104552"}],"collection":[{"href":"https:\/\/www.actualidadadiario.com\/index.php\/wp-json\/wp\/v2\/posts"}],"about":[{"href":"https:\/\/www.actualidadadiario.com\/index.php\/wp-json\/wp\/v2\/types\/post"}],"author":[{"embeddable":true,"href":"https:\/\/www.actualidadadiario.com\/index.php\/wp-json\/wp\/v2\/users\/3"}],"replies":[{"embeddable":true,"href":"https:\/\/www.actualidadadiario.com\/index.php\/wp-json\/wp\/v2\/comments?post=104552"}],"version-history":[{"count":1,"href":"https:\/\/www.actualidadadiario.com\/index.php\/wp-json\/wp\/v2\/posts\/104552\/revisions"}],"predecessor-version":[{"id":104554,"href":"https:\/\/www.actualidadadiario.com\/index.php\/wp-json\/wp\/v2\/posts\/104552\/revisions\/104554"}],"wp:featuredmedia":[{"embeddable":true,"href":"https:\/\/www.actualidadadiario.com\/index.php\/wp-json\/wp\/v2\/media\/104553"}],"wp:attachment":[{"href":"https:\/\/www.actualidadadiario.com\/index.php\/wp-json\/wp\/v2\/media?parent=104552"}],"wp:term":[{"taxonomy":"category","embeddable":true,"href":"https:\/\/www.actualidadadiario.com\/index.php\/wp-json\/wp\/v2\/categories?post=104552"},{"taxonomy":"post_tag","embeddable":true,"href":"https:\/\/www.actualidadadiario.com\/index.php\/wp-json\/wp\/v2\/tags?post=104552"}],"curies":[{"name":"wp","href":"https:\/\/api.w.org\/{rel}","templated":true}]}}