{"id":104539,"date":"2023-07-11T12:55:23","date_gmt":"2023-07-11T15:55:23","guid":{"rendered":"https:\/\/www.actualidadadiario.com\/?p=104539"},"modified":"2023-07-11T12:55:23","modified_gmt":"2023-07-11T15:55:23","slug":"la-inflacion-de-los-trabajadores-fue-de-74-en-junio","status":"publish","type":"post","link":"https:\/\/www.actualidadadiario.com\/index.php\/2023\/07\/11\/la-inflacion-de-los-trabajadores-fue-de-74-en-junio\/","title":{"rendered":"La inflaci\u00f3n de los trabajadores fue de 7,4% en junio"},"content":{"rendered":"<p style=\"text-align: center;\"><em><strong>Seg\u00fan el relevamiento de la UMET,\u00a0 el \u00edndice desaceler\u00f3 de la mano de un freno en el aumento de Alimentos y bebidas que creci\u00f3 el 6,6%<\/strong><\/em><\/p>\n<p>&nbsp;<\/p>\n<p>&nbsp;<\/p>\n<p>La inflaci\u00f3n de los trabajadores se ubic\u00f3 en el 7,4% en junio, desaceler\u00e1ndose en 1,7 puntos porcentuales respecto a los registros de mayo, que hab\u00eda sido el valor m\u00e1s alto desde abril de 2002, indica el relevamiento del Instituto de Estad\u00edstica de los Trabajadores (IET) de la Universidad Metropolitana para la Educaci\u00f3n y el Trabajo (UMET) y el Centro para la Concertaci\u00f3n y el Desarrollo (CCD).<\/p>\n<p>El informe va en l\u00ednea con otros estudios privados y el Relevamiento de Expectativas del Mercado que dio a conocer el BCRA el viernes pasado, donde las principales consultoras ven la inflaci\u00f3n de junio en 7,3%.<\/p>\n<p>De esta forma, seg\u00fan la UMET,\u00a0 la inflaci\u00f3n alcanz\u00f3 el 52,5% en los primeros seis meses del a\u00f1o, cifra que si se anualiza para el resto del a\u00f1o se transforma en un 132,5%.<\/p>\n<p>En tanto, la inflaci\u00f3n interanual alcanz\u00f3 al 118,5% y mostr\u00f3 la decimos\u00e9ptima aceleraci\u00f3n consecutiva.<\/p>\n<p>Durante el mes de junio, &#8220;el alza\u00a0 estuvo motorizada nuevamente por los gastos en Vivienda que subieron 10,6%, impulsada por subas en electricidad, expensas y alquileres&#8221;, resalta el informe. En tanto que,\u00a0 Alimentos y bebidas estuvo por debajo del \u00edndice general con una suba de 6,6%.<\/p>\n<p>Para el director del CCD, Nicol\u00e1s Trotta, ahora \u201ces fundamental que la renegociaci\u00f3n del acuerdo con el FMI logre contener los aspectos inflacionarios de las metas fijadas, para limitar lo m\u00e1ximo posible sus efectos sobre los salarios\u201d.<\/p>\n<p>Seg\u00fan el an\u00e1lisis de los expertos del IET, \u201cla inflaci\u00f3n de junio estuvo motorizada nuevamente por Vivienda (+10,6%), impulsada por subas en electricidad, expensas y alquileres. En segundo lugar, est\u00e1 Recreaci\u00f3n y cultura (+10%), seguido por Educaci\u00f3n (+9,9%), Salud (+9,2%), Comunicaciones (+8,2%) y Equipamiento y mantenimiento del hogar (+7,9%)\u201d. Y advierten tambi\u00e9n que \u201cpor debajo de la media estuvieron Otros bienes y servicios (+6,8%), Alimentos y bebidas (+6,6%), Transporte (+4,4%) e Indumentaria y calzado (+4,2%)\u201d.<\/p>\n<p>Dentro de Alimentos y Bebidas, el rubro de mayor peso en la canasta, las mayores subas se dieron en l\u00e1cteos (8,6%) y aceites y grasas (8,4%). Amortiguaron el \u00edndice las carnes (con subas m\u00e1s moderadas, del 3,6%) y principalmente productos estacionales como frutas (-1,7%, impulsadas por la naranja, que cay\u00f3 14,4%) y verduras (1,6%, lo que se explica por la lechuga -que cay\u00f3 5,2%- y el tomate perita -que baj\u00f3 6,2-).<\/p>\n<p>Por su parte, el coordinador general del IET, Fabi\u00e1n Amico, explic\u00f3 que \u201cel \u00edndice de precios de junio viene marcado por elementos de aceleraci\u00f3n como las tarifas y precios regulados, y de desaceleraci\u00f3n como alimentos. En la suba de las tarifas inciden decisivamente las exigencias contenidas en el acuerdo con el FMI.<\/p>\n<p>Por el lado de alimentos hubo una baja muy importante en los estacionales y en el precio de la carne, pero tambi\u00e9n en otros productos sustitutos. Esto se explica en parte por un ciclo interno de la carne con un exceso de oferta temporal y tambi\u00e9n por el descenso de los precios internacionales como el del trigo, que se usa para producir todo tipo de carnes\u201d.<\/p>\n<p>El pr\u00f3ximo jueves 13 de julio a las 16 horas, el INDEC dar\u00e1 a conocer el dato oficial, el cual el Gobierno espera, confirme un segundo mes de baja consecutiva en la inflaci\u00f3n.<\/p>\n","protected":false},"excerpt":{"rendered":"<p>Seg\u00fan el relevamiento de la UMET,\u00a0 el \u00edndice desaceler\u00f3 de la mano de un freno en el aumento de Alimentos y bebidas que creci\u00f3 el 6,6% &nbsp; &nbsp; La inflaci\u00f3n de los trabajadores se ubic\u00f3 en el 7,4% en junio, desaceler\u00e1ndose en 1,7 puntos porcentuales respecto a los registros de mayo, que hab\u00eda sido el valor m\u00e1s alto desde abril de 2002, indica el relevamiento del Instituto de Estad\u00edstica de los Trabajadores (IET) de la Universidad Metropolitana para la Educaci\u00f3n y el Trabajo (UMET) y el Centro para la Concertaci\u00f3n&#8230;<\/p>\n","protected":false},"author":3,"featured_media":104540,"comment_status":"closed","ping_status":"closed","sticky":false,"template":"","format":"standard","meta":[],"categories":[2],"tags":[],"_links":{"self":[{"href":"https:\/\/www.actualidadadiario.com\/index.php\/wp-json\/wp\/v2\/posts\/104539"}],"collection":[{"href":"https:\/\/www.actualidadadiario.com\/index.php\/wp-json\/wp\/v2\/posts"}],"about":[{"href":"https:\/\/www.actualidadadiario.com\/index.php\/wp-json\/wp\/v2\/types\/post"}],"author":[{"embeddable":true,"href":"https:\/\/www.actualidadadiario.com\/index.php\/wp-json\/wp\/v2\/users\/3"}],"replies":[{"embeddable":true,"href":"https:\/\/www.actualidadadiario.com\/index.php\/wp-json\/wp\/v2\/comments?post=104539"}],"version-history":[{"count":1,"href":"https:\/\/www.actualidadadiario.com\/index.php\/wp-json\/wp\/v2\/posts\/104539\/revisions"}],"predecessor-version":[{"id":104541,"href":"https:\/\/www.actualidadadiario.com\/index.php\/wp-json\/wp\/v2\/posts\/104539\/revisions\/104541"}],"wp:featuredmedia":[{"embeddable":true,"href":"https:\/\/www.actualidadadiario.com\/index.php\/wp-json\/wp\/v2\/media\/104540"}],"wp:attachment":[{"href":"https:\/\/www.actualidadadiario.com\/index.php\/wp-json\/wp\/v2\/media?parent=104539"}],"wp:term":[{"taxonomy":"category","embeddable":true,"href":"https:\/\/www.actualidadadiario.com\/index.php\/wp-json\/wp\/v2\/categories?post=104539"},{"taxonomy":"post_tag","embeddable":true,"href":"https:\/\/www.actualidadadiario.com\/index.php\/wp-json\/wp\/v2\/tags?post=104539"}],"curies":[{"name":"wp","href":"https:\/\/api.w.org\/{rel}","templated":true}]}}