{"id":104537,"date":"2023-07-11T12:54:19","date_gmt":"2023-07-11T15:54:19","guid":{"rendered":"https:\/\/www.actualidadadiario.com\/?p=104537"},"modified":"2023-07-11T12:54:19","modified_gmt":"2023-07-11T15:54:19","slug":"arrancaron-las-vacaciones-de-invierno-en-algunas-provincias-y-estos-son-los-destinos-mas-reservados","status":"publish","type":"post","link":"https:\/\/www.actualidadadiario.com\/index.php\/2023\/07\/11\/arrancaron-las-vacaciones-de-invierno-en-algunas-provincias-y-estos-son-los-destinos-mas-reservados\/","title":{"rendered":"Arrancaron las vacaciones de invierno en algunas provincias y estos son los destinos m\u00e1s reservados"},"content":{"rendered":"<p style=\"text-align: center;\"><em><strong>El calendario del receso invernal var\u00eda seg\u00fan cada jurisdicci\u00f3n, pero en todos los casos se da dentro del mes de julio<\/strong><\/em><\/p>\n<p>&nbsp;<\/p>\n<p>&nbsp;<\/p>\n<p>Lleg\u00f3 la mitad del a\u00f1o y hoy en varias provincias del pa\u00eds como C\u00f3rdoba, Entre R\u00edos, Mendoza y Neuqu\u00e9n arrancan las vacaciones de invierno. Muchos argentinos est\u00e1n aprovechando para hacer turismo y se desplazarse a los destinos tur\u00edsticos que fueron reservando previamente.<\/p>\n<p>Las formas de viajar son diversas: muchos utilizan el avi\u00f3n, otros se trasladan en tren o colectivo y algunos eligen el auto como una v\u00eda para abaratar costos y adem\u00e1s disponer de movilidad propia cuando arriben al destino tur\u00edstico que seleccionaron.<\/p>\n<p>&nbsp;<\/p>\n<p><strong>Las ciudades preferidas por los argentinos para las vacaciones de invierno <\/strong><\/p>\n<ul>\n<li>San Carlos de Bariloche<\/li>\n<li>Ciudad Autonoma de Buenos Aires<\/li>\n<li>Puerto Iguaz\u00fa<\/li>\n<li>Mendoza<\/li>\n<li>Salta<\/li>\n<\/ul>\n<p>*El relevamiento surge de un informe del operador tur\u00edstico despegar.com<\/p>\n<p>&nbsp;<\/p>\n<p><strong>Los destinos m\u00e1s buscados en Google para las vacaciones de invierno <\/strong><\/p>\n<p>Los destinos m\u00e1s buscados en Google para las vacaciones de invierno fueron los siguientes:<\/p>\n<ul>\n<li>Ciudad de Buenos Aires<\/li>\n<li>San Carlos de Bariloche<\/li>\n<li>Mendoza<\/li>\n<li>Salta<\/li>\n<li>C\u00f3rdoba<\/li>\n<li>Mar del Plata<\/li>\n<li>Ushuaia<\/li>\n<li>Puerto Iguaz\u00fa<\/li>\n<li>Termas de R\u00edo Hondo<\/li>\n<li>Rosario<\/li>\n<\/ul>\n<p>&nbsp;<\/p>\n<p><strong>Vacaciones de invierno del 10 al 21 de julio <\/strong><\/p>\n<p>Las siguientes provincias hacen el receso invernal durante este per\u00edodo. (El feriado del 9 de julio cae el domingo previo).<\/p>\n<ul>\n<li>Catamarca<\/li>\n<li>C\u00f3rdoba<\/li>\n<li>Corrientes<\/li>\n<li>Entre R\u00edos<\/li>\n<li>Formosa<\/li>\n<li>La Pampa<\/li>\n<li>La Rioja<\/li>\n<li>Mendoza<\/li>\n<li>Neuqu\u00e9n<\/li>\n<li>R\u00edo Negro<\/li>\n<li>Salta<\/li>\n<li>San Juan<\/li>\n<li>San Luis<\/li>\n<li>Tucum\u00e1n<\/li>\n<\/ul>\n<p>&nbsp;<\/p>\n<p><strong>Vacaciones de Invierno del 17 al 28 de julio <\/strong><\/p>\n<p>Las siguientes provincias hacen el receso invernal durante este per\u00edodo:<\/p>\n<ul>\n<li>Ciudad Aut\u00f3noma de Buenos Aires<\/li>\n<li>Provincia de Buenos Aires<\/li>\n<li>Chacho<\/li>\n<li>Chubut<\/li>\n<li>Jujuy<\/li>\n<li>Santa Cruz<\/li>\n<li>Santa Fe<\/li>\n<li>Santiago del Estero<\/li>\n<li>Tierra del Fuego<\/li>\n<\/ul>\n","protected":false},"excerpt":{"rendered":"<p>El calendario del receso invernal var\u00eda seg\u00fan cada jurisdicci\u00f3n, pero en todos los casos se da dentro del mes de julio &nbsp; &nbsp; Lleg\u00f3 la mitad del a\u00f1o y hoy en varias provincias del pa\u00eds como C\u00f3rdoba, Entre R\u00edos, Mendoza y Neuqu\u00e9n arrancan las vacaciones de invierno. Muchos argentinos est\u00e1n aprovechando para hacer turismo y se desplazarse a los destinos tur\u00edsticos que fueron reservando previamente. Las formas de viajar son diversas: muchos utilizan el avi\u00f3n, otros se trasladan en tren o colectivo y algunos eligen el auto como una v\u00eda&#8230;<\/p>\n","protected":false},"author":3,"featured_media":90178,"comment_status":"closed","ping_status":"closed","sticky":false,"template":"","format":"standard","meta":[],"categories":[2],"tags":[],"_links":{"self":[{"href":"https:\/\/www.actualidadadiario.com\/index.php\/wp-json\/wp\/v2\/posts\/104537"}],"collection":[{"href":"https:\/\/www.actualidadadiario.com\/index.php\/wp-json\/wp\/v2\/posts"}],"about":[{"href":"https:\/\/www.actualidadadiario.com\/index.php\/wp-json\/wp\/v2\/types\/post"}],"author":[{"embeddable":true,"href":"https:\/\/www.actualidadadiario.com\/index.php\/wp-json\/wp\/v2\/users\/3"}],"replies":[{"embeddable":true,"href":"https:\/\/www.actualidadadiario.com\/index.php\/wp-json\/wp\/v2\/comments?post=104537"}],"version-history":[{"count":1,"href":"https:\/\/www.actualidadadiario.com\/index.php\/wp-json\/wp\/v2\/posts\/104537\/revisions"}],"predecessor-version":[{"id":104538,"href":"https:\/\/www.actualidadadiario.com\/index.php\/wp-json\/wp\/v2\/posts\/104537\/revisions\/104538"}],"wp:featuredmedia":[{"embeddable":true,"href":"https:\/\/www.actualidadadiario.com\/index.php\/wp-json\/wp\/v2\/media\/90178"}],"wp:attachment":[{"href":"https:\/\/www.actualidadadiario.com\/index.php\/wp-json\/wp\/v2\/media?parent=104537"}],"wp:term":[{"taxonomy":"category","embeddable":true,"href":"https:\/\/www.actualidadadiario.com\/index.php\/wp-json\/wp\/v2\/categories?post=104537"},{"taxonomy":"post_tag","embeddable":true,"href":"https:\/\/www.actualidadadiario.com\/index.php\/wp-json\/wp\/v2\/tags?post=104537"}],"curies":[{"name":"wp","href":"https:\/\/api.w.org\/{rel}","templated":true}]}}