{"id":104527,"date":"2023-07-10T15:28:30","date_gmt":"2023-07-10T18:28:30","guid":{"rendered":"https:\/\/www.actualidadadiario.com\/?p=104527"},"modified":"2023-07-10T15:28:30","modified_gmt":"2023-07-10T18:28:30","slug":"la-cumbre-de-la-otan-decide-si-va-a-una-guerra-sin-fin","status":"publish","type":"post","link":"https:\/\/www.actualidadadiario.com\/index.php\/2023\/07\/10\/la-cumbre-de-la-otan-decide-si-va-a-una-guerra-sin-fin\/","title":{"rendered":"La cumbre de la OTAN decide si va a una guerra sin fin"},"content":{"rendered":"<p><em><strong>Los l\u00edderes occidentales debaten sobre una eventual incorporaci\u00f3n de Ucrania a la alianza o \u201cgarant\u00edas de seguridad\u201d que involucrar\u00edan al bloque en un enfrentamiento directo con Rusia<\/strong><\/em><\/p>\n<p>&nbsp;<\/p>\n<p>&nbsp;<\/p>\n<p>El pr\u00f3ximo martes y mi\u00e9rcoles los jefes de Estado y de gobierno de la Organizaci\u00f3n del Tratado del Atl\u00e1ntico Norte (OTAN) se re\u00fanen en Vilna, capital de Lituania.<\/p>\n<p>El tema dominante en su agenda es la eventual incorporaci\u00f3n de Ucrania a la organizaci\u00f3n. Hay voces a favor y otras en contra, pero lo que llama la atenci\u00f3n es cu\u00e1n despreocupadamente se trata una cuesti\u00f3n que, si se resuelve mal, puede poner al mayor bloque militar de la historia en un conflicto directo (ya no por interp\u00f3sitos actores) con la mayor potencia at\u00f3mica del mundo en el que se jugar\u00eda la existencia misma de la humanidad.<\/p>\n<p>El presidente de Estados Unidos, Joe Biden, inici\u00f3 el domingo en Londres su viaje por tres pa\u00edses europeos. Este lunes se re\u00fane con el Primer Ministro brit\u00e1nico, Rishi Sunak, tras lo cual visitar\u00e1 al Rey Carlos en el Castillo de Windsor. Se espera que las conversaciones con el monarca incluyan iniciativas sobre el clima. El lunes por la noche, en tanto, el presidente viaja a Vilna, capital de Lituania, para participar los d\u00edas 11 y 12 de junio en la conferencia cumbre de la OTAN.<\/p>\n","protected":false},"excerpt":{"rendered":"<p>Los l\u00edderes occidentales debaten sobre una eventual incorporaci\u00f3n de Ucrania a la alianza o \u201cgarant\u00edas de seguridad\u201d que involucrar\u00edan al bloque en un enfrentamiento directo con Rusia &nbsp; &nbsp; El pr\u00f3ximo martes y mi\u00e9rcoles los jefes de Estado y de gobierno de la Organizaci\u00f3n del Tratado del Atl\u00e1ntico Norte (OTAN) se re\u00fanen en Vilna, capital de Lituania. El tema dominante en su agenda es la eventual incorporaci\u00f3n de Ucrania a la organizaci\u00f3n. Hay voces a favor y otras en contra, pero lo que llama la atenci\u00f3n es cu\u00e1n despreocupadamente se&#8230;<\/p>\n","protected":false},"author":3,"featured_media":104528,"comment_status":"closed","ping_status":"closed","sticky":false,"template":"","format":"standard","meta":[],"categories":[4],"tags":[],"_links":{"self":[{"href":"https:\/\/www.actualidadadiario.com\/index.php\/wp-json\/wp\/v2\/posts\/104527"}],"collection":[{"href":"https:\/\/www.actualidadadiario.com\/index.php\/wp-json\/wp\/v2\/posts"}],"about":[{"href":"https:\/\/www.actualidadadiario.com\/index.php\/wp-json\/wp\/v2\/types\/post"}],"author":[{"embeddable":true,"href":"https:\/\/www.actualidadadiario.com\/index.php\/wp-json\/wp\/v2\/users\/3"}],"replies":[{"embeddable":true,"href":"https:\/\/www.actualidadadiario.com\/index.php\/wp-json\/wp\/v2\/comments?post=104527"}],"version-history":[{"count":1,"href":"https:\/\/www.actualidadadiario.com\/index.php\/wp-json\/wp\/v2\/posts\/104527\/revisions"}],"predecessor-version":[{"id":104529,"href":"https:\/\/www.actualidadadiario.com\/index.php\/wp-json\/wp\/v2\/posts\/104527\/revisions\/104529"}],"wp:featuredmedia":[{"embeddable":true,"href":"https:\/\/www.actualidadadiario.com\/index.php\/wp-json\/wp\/v2\/media\/104528"}],"wp:attachment":[{"href":"https:\/\/www.actualidadadiario.com\/index.php\/wp-json\/wp\/v2\/media?parent=104527"}],"wp:term":[{"taxonomy":"category","embeddable":true,"href":"https:\/\/www.actualidadadiario.com\/index.php\/wp-json\/wp\/v2\/categories?post=104527"},{"taxonomy":"post_tag","embeddable":true,"href":"https:\/\/www.actualidadadiario.com\/index.php\/wp-json\/wp\/v2\/tags?post=104527"}],"curies":[{"name":"wp","href":"https:\/\/api.w.org\/{rel}","templated":true}]}}