{"id":104521,"date":"2023-07-10T15:26:47","date_gmt":"2023-07-10T18:26:47","guid":{"rendered":"https:\/\/www.actualidadadiario.com\/?p=104521"},"modified":"2023-07-10T15:26:47","modified_gmt":"2023-07-10T18:26:47","slug":"rescatistas-espanoles-recuperan-86-migrantes-de-una-embarcacion-cerca-de-canarias","status":"publish","type":"post","link":"https:\/\/www.actualidadadiario.com\/index.php\/2023\/07\/10\/rescatistas-espanoles-recuperan-86-migrantes-de-una-embarcacion-cerca-de-canarias\/","title":{"rendered":"Rescatistas espa\u00f1oles recuperan 86 migrantes de una embarcaci\u00f3n cerca de Canarias"},"content":{"rendered":"<p style=\"text-align: center;\"><em><strong>Los rescatistas espa\u00f1oles recuperaron a 86 migrantes de origen subsahariano que iban a bordo de una precaria embarcaci\u00f3n cerca de las costas del archipi\u00e9lago atl\u00e1ntico de Canarias, inform\u00f3 el servicio de guardacostas de Salvamento Mar\u00edtimo a trav\u00e9s de Twitter<\/strong><\/em><\/p>\n<p>&nbsp;<\/p>\n<p>&nbsp;<\/p>\n<p>Un avi\u00f3n de b\u00fasqueda enviado por Salvamento Mar\u00edtimo, la oficina del Ministerio de Transporte espa\u00f1ol encargada de la b\u00fasqueda, hab\u00eda estimado inicialmente que el n\u00famero de personas que iban en esa embarcaci\u00f3n eran &#8220;alrededor de 200&#8221;, por lo que podr\u00eda haberse tratado de un barco que parti\u00f3 de Senegal hace unas dos semanas con 200 personas a bordo y que est\u00e1 desaparecida, seg\u00fan denunci\u00f3 la ONG espa\u00f1ola Caminando Fronteras.<\/p>\n<p>Sin embargo, la estimaci\u00f3n era incorrecta, porque &#8220;la cifra que se hab\u00eda dado antes fue por parte del avi\u00f3n Sasemar 101, pero es dif\u00edcil determinar el n\u00famero de personas por el medio a\u00e9reo&#8221;, seg\u00fan reconoci\u00f3 la portavoz de Salvamento Mar\u00edtimo.<\/p>\n<p>Los migrantes, 80 hombres y seis mujeres, fueron rescatados por un barco de Salvamento Mar\u00edtimo, que los llevar\u00e1 hasta el puerto de Arguinegu\u00edn en la isla de Gran Canaria, donde llegar\u00e1n hacia las 19.<\/p>\n<p>Seg\u00fan la ONG espa\u00f1ola Caminando Fronteras, que basa sus datos en testimonios de migrantes o sus familias, la embarcaci\u00f3n buscada sali\u00f3 el 27 de junio de la ciudad senegalesa de Kafountine, situada a unos 1.700 kil\u00f3metros de las costas de Canarias.<\/p>\n<p>&#8220;Los familiares tambi\u00e9n nos avisaron de la p\u00e9rdida de esa embarcaci\u00f3n cuando pasaron d\u00edas y no tuvieron noticias&#8221;, indic\u00f3 la coordinadora de la ONG, Helena Maleno, en un mensaje de audio que recogi\u00f3 la agencia de noticias AFP.<\/p>\n<p>No se trata, sin embargo, de la \u00fanica desaparici\u00f3n de la que alerta la organizaci\u00f3n, que pide tambi\u00e9n ayuda para buscar otras dos embarcaciones que, seg\u00fan sus informaciones, salieron tambi\u00e9n del litoral senegal\u00e9s el 23 de junio, una con 65 pasajeros y la otra con entre 50 y 60 personas a bordo.<\/p>\n<p>&#8220;Llevan muchos d\u00edas en el agua, pero son embarcaciones de madera, y a\u00fan estamos a tiempo de tener buenos medios de rescate para poder salvar las vidas&#8221;, pidi\u00f3 Maleno.<\/p>\n<p>Espa\u00f1a es una de las principales puertas de entrada de migrantes clandestinos a Europa.<\/p>\n<p>Seg\u00fan las \u00faltimas cifras del ministerio del Interior, 12.704 migrantes llegaron irregularmente a Espa\u00f1a en el primer semestre del a\u00f1o, la mayor\u00eda (7.213) a trav\u00e9s de Canarias, lo que supone un descenso del 11,35% respecto al mismo periodo del a\u00f1o anterior.<\/p>\n<p>Desde el endurecimiento de los controles en el Mediterr\u00e1neo, la peligrosa ruta migratoria hacia las islas Canarias est\u00e1 particularmente transitada y los naufragios son frecuentes en esa traves\u00eda, debido a las fuertes corrientes y el mal estado de las embarcaciones.<\/p>\n","protected":false},"excerpt":{"rendered":"<p>Los rescatistas espa\u00f1oles recuperaron a 86 migrantes de origen subsahariano que iban a bordo de una precaria embarcaci\u00f3n cerca de las costas del archipi\u00e9lago atl\u00e1ntico de Canarias, inform\u00f3 el servicio de guardacostas de Salvamento Mar\u00edtimo a trav\u00e9s de Twitter &nbsp; &nbsp; Un avi\u00f3n de b\u00fasqueda enviado por Salvamento Mar\u00edtimo, la oficina del Ministerio de Transporte espa\u00f1ol encargada de la b\u00fasqueda, hab\u00eda estimado inicialmente que el n\u00famero de personas que iban en esa embarcaci\u00f3n eran &#8220;alrededor de 200&#8221;, por lo que podr\u00eda haberse tratado de un barco que parti\u00f3 de Senegal&#8230;<\/p>\n","protected":false},"author":3,"featured_media":104522,"comment_status":"closed","ping_status":"closed","sticky":false,"template":"","format":"standard","meta":[],"categories":[4],"tags":[],"_links":{"self":[{"href":"https:\/\/www.actualidadadiario.com\/index.php\/wp-json\/wp\/v2\/posts\/104521"}],"collection":[{"href":"https:\/\/www.actualidadadiario.com\/index.php\/wp-json\/wp\/v2\/posts"}],"about":[{"href":"https:\/\/www.actualidadadiario.com\/index.php\/wp-json\/wp\/v2\/types\/post"}],"author":[{"embeddable":true,"href":"https:\/\/www.actualidadadiario.com\/index.php\/wp-json\/wp\/v2\/users\/3"}],"replies":[{"embeddable":true,"href":"https:\/\/www.actualidadadiario.com\/index.php\/wp-json\/wp\/v2\/comments?post=104521"}],"version-history":[{"count":1,"href":"https:\/\/www.actualidadadiario.com\/index.php\/wp-json\/wp\/v2\/posts\/104521\/revisions"}],"predecessor-version":[{"id":104523,"href":"https:\/\/www.actualidadadiario.com\/index.php\/wp-json\/wp\/v2\/posts\/104521\/revisions\/104523"}],"wp:featuredmedia":[{"embeddable":true,"href":"https:\/\/www.actualidadadiario.com\/index.php\/wp-json\/wp\/v2\/media\/104522"}],"wp:attachment":[{"href":"https:\/\/www.actualidadadiario.com\/index.php\/wp-json\/wp\/v2\/media?parent=104521"}],"wp:term":[{"taxonomy":"category","embeddable":true,"href":"https:\/\/www.actualidadadiario.com\/index.php\/wp-json\/wp\/v2\/categories?post=104521"},{"taxonomy":"post_tag","embeddable":true,"href":"https:\/\/www.actualidadadiario.com\/index.php\/wp-json\/wp\/v2\/tags?post=104521"}],"curies":[{"name":"wp","href":"https:\/\/api.w.org\/{rel}","templated":true}]}}