{"id":104509,"date":"2023-07-10T14:38:13","date_gmt":"2023-07-10T17:38:13","guid":{"rendered":"https:\/\/www.actualidadadiario.com\/?p=104509"},"modified":"2023-07-10T14:38:13","modified_gmt":"2023-07-10T17:38:13","slug":"juicio-politico-nueva-audiencia-por-la-causal-coparticipacion-con-la-presencia-de-batakis","status":"publish","type":"post","link":"https:\/\/www.actualidadadiario.com\/index.php\/2023\/07\/10\/juicio-politico-nueva-audiencia-por-la-causal-coparticipacion-con-la-presencia-de-batakis\/","title":{"rendered":"Juicio Pol\u00edtico: nueva audiencia por la causal &#8220;coparticipaci\u00f3n&#8221; con la presencia de Batakis"},"content":{"rendered":"<p style=\"text-align: center;\"><em><strong>La ex secretaria de Provincias fue citada como testigo en la \u00faltima audiencia de la comisi\u00f3n de Juicio Pol\u00edtico antes del receso invernal. Tambi\u00e9n fueron invitados para ma\u00f1ana varios fiscales de Estado<\/strong><\/em><\/p>\n<p>&nbsp;<\/p>\n<p>&nbsp;<\/p>\n<p>La ex secretaria de Provincias Silvina Batakis asistir\u00e1 ma\u00f1ana en calidad de testigo a la segunda audiencia por la causal &#8220;coparticipaci\u00f3n&#8221;, en el juicio pol\u00edtico contra los miembros de la Corte Suprema de Justicia que se desarrolla en la C\u00e1mara de Diputados.<\/p>\n<p>La lista de testigos invitados a la comisi\u00f3n de Juicio Pol\u00edtico, convocada a las 13 hs, tambi\u00e9n incluye a otras seis personas: Gabriel Mar\u00eda Astarloa (Procurador General de la Ciudad de Buenos Aires), Alejandro Daniel Rodr\u00edguez (Secretar\u00eda de Juicios Originarios de la Corte Suprema), Pedro Oscar Goyochea (Asesor General de Gobierno de la Provincia de la Rioja), Marcos Denett (Fiscal de Estado de la provincia de Catamarca), Ra\u00fal Julio C\u00e9sar Abate (Fiscal de Estado de la provincia de Santiago del Estero), y Fernando Pablo Tanarro (Fiscal de Estado de la provincia de Santa Cruz).<\/p>\n<p>Este encuentro de la comisi\u00f3n presidida por la entrerriana Carolina Gaillard (Frente de Todos) ser\u00e1 el \u00faltimo que se realice antes del receso invernal, y las audiencias se reanudar\u00e1n el martes 1 de agosto.<\/p>\n<p>El conflicto por la coparticipaci\u00f3n se remonta a enero de 2016, cuando el ex presidente Mauricio Macri elev\u00f3 la cuota de coparticipaci\u00f3n para la Ciudad del 2,35% al 3,75% con la excusa de que deb\u00eda financiarse el traspaso de la Polic\u00eda al distrito gobernado por Horacio Rodr\u00edguez Larreta.<\/p>\n<p>Al poco tiempo de asumir la presidencia, Alberto Fern\u00e1ndez quit\u00f3 ese adicional de coparticipaci\u00f3n para auxiliar a Axel Kicillof en el conflicto con la Polic\u00eda Bonaerense, y la Ciudad acudi\u00f3 a la Justicia.<\/p>\n<p>Luego de tres audiencias de mediaci\u00f3n en las que la Ciudad rechaz\u00f3 las ofertas de Naci\u00f3n, la Corte dict\u00f3 una cautelar que elev\u00f3 a 2,95% la coparticipaci\u00f3n para la Ciudad, dejando pendiente la cuesti\u00f3n de fondo.<\/p>\n<p>Las conversaciones que se filtraron entre el ex ministro de Justicia y Seguridad porte\u00f1o Marcelo D\u2019Alessandro y el vocero de la presidencia de la Corte Suprema, Silvio Robles, reavivaron la pol\u00e9mica porque del contenido de esos chats surgieron indicios de una presunta connivencia entre el m\u00e1ximo tribunal de Justicia y el Gobierno de la Ciudad para favorecer al distrito porte\u00f1o en este pleito.<\/p>\n<p>En la \u00faltima reuni\u00f3n de comisi\u00f3n, la mayor\u00eda oficialista aprob\u00f3 una ampliaci\u00f3n de prueba que consiste en tomarle una huella de voz a D\u2019Alessandro para comprobar la veracidad de las charlas de D&#8217;Alessandro con Robles.<\/p>\n<p>El diputado kirchnerista Rodolfo Tailhade, que fue quien solicit\u00f3 la ampliaci\u00f3n de prueba en la \u00faltima reuni\u00f3n de comisi\u00f3n, se\u00f1al\u00f3 que la voz de D\u2019Alessandro se pod\u00eda cotejar con lo que pudiera extraerse de reportajes televisivos, y pidi\u00f3 que &#8220;la Polic\u00eda Federal sea la que est\u00e9 encargada de llevar adelante el peritaje&#8221;.<\/p>\n<p>Se acord\u00f3 tambi\u00e9n citar a Rogelio Frigerio para despu\u00e9s de las elecciones, a ra\u00edz de una entrevista televisiva en la que el ex ministro de Interior reconoc\u00eda que Macri hab\u00eda transferido a la Ciudad m\u00e1s de lo que le correspond\u00eda.<\/p>\n<p>Tambi\u00e9n se aprob\u00f3 la convocatoria como testigo del fiscal general porte\u00f1o, Juan Ignacio Mahiques, del cual Tailhade record\u00f3 que &#8220;festej\u00f3 su cumplea\u00f1os en agosto del a\u00f1o pasado y a la fiestita arribaron juntos Marcelo D\u2019Alessandro y Silvio Robles&#8221;.<\/p>\n<p>Y se agreg\u00f3 a la lista de quienes ser\u00e1n citados luego del receso invernal a los ministros de Econom\u00eda de las provincias de Chaco, Formosa, Santiago del Estero, Santa Cruz, Buenos Aires, Entre R\u00edos, La Rioja, La Pampa, Tierra del Fuego, Chubut, Tucum\u00e1n y Catamarca.<\/p>\n","protected":false},"excerpt":{"rendered":"<p>La ex secretaria de Provincias fue citada como testigo en la \u00faltima audiencia de la comisi\u00f3n de Juicio Pol\u00edtico antes del receso invernal. Tambi\u00e9n fueron invitados para ma\u00f1ana varios fiscales de Estado &nbsp; &nbsp; La ex secretaria de Provincias Silvina Batakis asistir\u00e1 ma\u00f1ana en calidad de testigo a la segunda audiencia por la causal &#8220;coparticipaci\u00f3n&#8221;, en el juicio pol\u00edtico contra los miembros de la Corte Suprema de Justicia que se desarrolla en la C\u00e1mara de Diputados. La lista de testigos invitados a la comisi\u00f3n de Juicio Pol\u00edtico, convocada a las&#8230;<\/p>\n","protected":false},"author":3,"featured_media":101957,"comment_status":"closed","ping_status":"closed","sticky":false,"template":"","format":"standard","meta":[],"categories":[18],"tags":[],"_links":{"self":[{"href":"https:\/\/www.actualidadadiario.com\/index.php\/wp-json\/wp\/v2\/posts\/104509"}],"collection":[{"href":"https:\/\/www.actualidadadiario.com\/index.php\/wp-json\/wp\/v2\/posts"}],"about":[{"href":"https:\/\/www.actualidadadiario.com\/index.php\/wp-json\/wp\/v2\/types\/post"}],"author":[{"embeddable":true,"href":"https:\/\/www.actualidadadiario.com\/index.php\/wp-json\/wp\/v2\/users\/3"}],"replies":[{"embeddable":true,"href":"https:\/\/www.actualidadadiario.com\/index.php\/wp-json\/wp\/v2\/comments?post=104509"}],"version-history":[{"count":1,"href":"https:\/\/www.actualidadadiario.com\/index.php\/wp-json\/wp\/v2\/posts\/104509\/revisions"}],"predecessor-version":[{"id":104510,"href":"https:\/\/www.actualidadadiario.com\/index.php\/wp-json\/wp\/v2\/posts\/104509\/revisions\/104510"}],"wp:featuredmedia":[{"embeddable":true,"href":"https:\/\/www.actualidadadiario.com\/index.php\/wp-json\/wp\/v2\/media\/101957"}],"wp:attachment":[{"href":"https:\/\/www.actualidadadiario.com\/index.php\/wp-json\/wp\/v2\/media?parent=104509"}],"wp:term":[{"taxonomy":"category","embeddable":true,"href":"https:\/\/www.actualidadadiario.com\/index.php\/wp-json\/wp\/v2\/categories?post=104509"},{"taxonomy":"post_tag","embeddable":true,"href":"https:\/\/www.actualidadadiario.com\/index.php\/wp-json\/wp\/v2\/tags?post=104509"}],"curies":[{"name":"wp","href":"https:\/\/api.w.org\/{rel}","templated":true}]}}