{"id":104506,"date":"2023-07-10T14:37:25","date_gmt":"2023-07-10T17:37:25","guid":{"rendered":"https:\/\/www.actualidadadiario.com\/?p=104506"},"modified":"2023-07-10T14:37:25","modified_gmt":"2023-07-10T17:37:25","slug":"jubilaciones-massa-adelanto-que-habra-medidas-en-las-proximas-horas","status":"publish","type":"post","link":"https:\/\/www.actualidadadiario.com\/index.php\/2023\/07\/10\/jubilaciones-massa-adelanto-que-habra-medidas-en-las-proximas-horas\/","title":{"rendered":"Jubilaciones: Massa adelant\u00f3 que habr\u00e1 medidas en las pr\u00f3ximas horas"},"content":{"rendered":"<p style=\"text-align: center;\"><em><strong>En declaraciones a Radio 10 el ministro de Econom\u00eda sostuvo que este martes dar\u00e1 a conocer una &#8220;buena noticia&#8221; para el sector junto a la titular de ANSES, Fernanda Raverta<\/strong><\/em><\/p>\n<p>&nbsp;<\/p>\n<p>&nbsp;<\/p>\n<p>El ministro de Econom\u00eda y precandidato a presidente de Uni\u00f3n por la Patria en las pr\u00f3ximas elecciones, Sergio Massa, anticip\u00f3 que este martes se anunciar\u00e1n medidas para los jubilados.<\/p>\n<p>En declaraciones a Radio 10 Massa dijo que junto a la titular de ANSES, Fernanda Raverta, est\u00e1 &#8220;trabajando en darle ma\u00f1ana una buena noticia&#8221; al sector.<\/p>\n<p>&#8220;Lo que tenemos que hacer es seguir resolviendo problemas, intentando resolver las dificultades que tiene la Argentina, seguir imponiendo la agenda de gobierno&#8221;, sostuvo el ministro de Econom\u00eda al tiempo que remarc\u00f3 que hoy su &#8220;principal responsabilidad es ser ministro de Econom\u00eda&#8221;.<\/p>\n<p>Consultado sobre la inauguraci\u00f3n del Gasoducto N\u00e9stor Kirchner, que tuvo lugar este fin de semana, el precandidato a presidente asegur\u00f3 que permitir\u00e1 ahorrar casi 4.200 millones de d\u00f3lares al a\u00f1o a partir del a\u00f1o que viene. &#8220;Este a\u00f1o nos ahorramos 2.000 millones de d\u00f3lares que \u00edbamos a gastar en importaciones&#8221;, a\u00f1adi\u00f3.<\/p>\n<p>&#8220;A pesar de que el Fondo dec\u00eda dejen de o bajen la proporci\u00f3n de inversi\u00f3n p\u00fablica, reduzcan el ritmo de ejecuci\u00f3n del gasoducto, obra que se hizo en 10 meses&#8221;, a\u00f1adi\u00f3.<\/p>\n<p>En otro tramo de su discurso el funcionario dijo que imagina &#8220;un pa\u00eds con orden fiscal, super\u00e1vit comercial, competitividad cambiaria y acumulaci\u00f3n de reservas, un pa\u00eds con desarrollo con inclusi\u00f3n&#8221;.<\/p>\n<p>Massa, destac\u00f3 que &#8220;Argentina hoy tiene 1,6% de inversi\u00f3n p\u00fablica de su presupuesto y en el 2019 ten\u00eda 0,4%&#8221;.<\/p>\n<p>&#8220;Ese 1,2 puntos porcentuales de diferencia era `ahorramos en el Presupuesto sobre la base de dejar de invertir\u00b4. Dejar de invertir son menos pavimentos, menos cloacas, menos agua corriente, menos subsidio al transporte&#8221;, afirm\u00f3 el precandidato presidencial del oficialismo.<\/p>\n","protected":false},"excerpt":{"rendered":"<p>En declaraciones a Radio 10 el ministro de Econom\u00eda sostuvo que este martes dar\u00e1 a conocer una &#8220;buena noticia&#8221; para el sector junto a la titular de ANSES, Fernanda Raverta &nbsp; &nbsp; El ministro de Econom\u00eda y precandidato a presidente de Uni\u00f3n por la Patria en las pr\u00f3ximas elecciones, Sergio Massa, anticip\u00f3 que este martes se anunciar\u00e1n medidas para los jubilados. En declaraciones a Radio 10 Massa dijo que junto a la titular de ANSES, Fernanda Raverta, est\u00e1 &#8220;trabajando en darle ma\u00f1ana una buena noticia&#8221; al sector. &#8220;Lo que tenemos&#8230;<\/p>\n","protected":false},"author":3,"featured_media":104507,"comment_status":"closed","ping_status":"closed","sticky":false,"template":"","format":"standard","meta":[],"categories":[18],"tags":[],"_links":{"self":[{"href":"https:\/\/www.actualidadadiario.com\/index.php\/wp-json\/wp\/v2\/posts\/104506"}],"collection":[{"href":"https:\/\/www.actualidadadiario.com\/index.php\/wp-json\/wp\/v2\/posts"}],"about":[{"href":"https:\/\/www.actualidadadiario.com\/index.php\/wp-json\/wp\/v2\/types\/post"}],"author":[{"embeddable":true,"href":"https:\/\/www.actualidadadiario.com\/index.php\/wp-json\/wp\/v2\/users\/3"}],"replies":[{"embeddable":true,"href":"https:\/\/www.actualidadadiario.com\/index.php\/wp-json\/wp\/v2\/comments?post=104506"}],"version-history":[{"count":1,"href":"https:\/\/www.actualidadadiario.com\/index.php\/wp-json\/wp\/v2\/posts\/104506\/revisions"}],"predecessor-version":[{"id":104508,"href":"https:\/\/www.actualidadadiario.com\/index.php\/wp-json\/wp\/v2\/posts\/104506\/revisions\/104508"}],"wp:featuredmedia":[{"embeddable":true,"href":"https:\/\/www.actualidadadiario.com\/index.php\/wp-json\/wp\/v2\/media\/104507"}],"wp:attachment":[{"href":"https:\/\/www.actualidadadiario.com\/index.php\/wp-json\/wp\/v2\/media?parent=104506"}],"wp:term":[{"taxonomy":"category","embeddable":true,"href":"https:\/\/www.actualidadadiario.com\/index.php\/wp-json\/wp\/v2\/categories?post=104506"},{"taxonomy":"post_tag","embeddable":true,"href":"https:\/\/www.actualidadadiario.com\/index.php\/wp-json\/wp\/v2\/tags?post=104506"}],"curies":[{"name":"wp","href":"https:\/\/api.w.org\/{rel}","templated":true}]}}