{"id":104504,"date":"2023-07-10T14:36:37","date_gmt":"2023-07-10T17:36:37","guid":{"rendered":"https:\/\/www.actualidadadiario.com\/?p=104504"},"modified":"2023-07-10T14:36:37","modified_gmt":"2023-07-10T17:36:37","slug":"rodriguez-larreta-sobre-el-spot-de-campana-de-bullrich-el-camino-no-es-a-las-trompadas-y-a-los-gritos","status":"publish","type":"post","link":"https:\/\/www.actualidadadiario.com\/index.php\/2023\/07\/10\/rodriguez-larreta-sobre-el-spot-de-campana-de-bullrich-el-camino-no-es-a-las-trompadas-y-a-los-gritos\/","title":{"rendered":"Rodr\u00edguez Larreta, sobre el spot de campa\u00f1a de Bullrich: &#8220;El camino no es a las trompadas y a los gritos&#8221;"},"content":{"rendered":"<p style=\"text-align: center;\"><em><strong>El jefe de Gobierno porte\u00f1o y precandidato a presidente cuestion\u00f3 las propuestas de su competidora en la interna de Juntos por el Cambio. &#8220;Ese camino nos condujo a inseguridad, inflaci\u00f3n, frustraci\u00f3n&#8221;, se\u00f1al\u00f3<\/strong><\/em><\/p>\n<p>&nbsp;<\/p>\n<p>&nbsp;<\/p>\n<p>El jefe de Gobierno porte\u00f1o y precandidato a presidente, Horacio Rodr\u00edguez Larreta, reaccion\u00f3 al spot de campa\u00f1a de la titular del PRO en uso de licencia, Patricia Bullrich, con quien competir\u00e1 en la interna de Juntos por el Cambio, y sostuvo que &#8220;el camino no es a las trompadas y a los gritos&#8221;.<\/p>\n<p>&#8220;El camino de querer imponer los cambios a las trompadas, de que el que no piensa como yo es el enemigo y hay que exterminarlo, de que cada gobierno nuevo empieza de cero porque todo lo que hizo antes es una cat\u00e1strofe est\u00e1 mal. Desde la democracia para ac\u00e1 todos los gobiernos se construyeron sobre anti el anterior&#8221;, cuestion\u00f3 el referente del PRO.<\/p>\n<p>Para Larreta, la confrontaci\u00f3n permanente &#8220;condujo a inseguridad, inflaci\u00f3n, frustraci\u00f3n&#8221;, por lo tanto propuso &#8220;un camino nuevo, el de los hechos&#8221;. &#8220;No es a las trompadas y a los gritos&#8221;, insisti\u00f3 en declaraciones radiales.<\/p>\n<p>&#8220;La Argentina tiene problemas desde hace 40 a\u00f1os, pasamos dos hiperinflaci\u00f3n fuert\u00edsimas, la crisis del 2001 -2002, venimos de problemas en problemas y querer resolverlo a las trompadas hace que estemos cada vez peor&#8221;, asever\u00f3 y agreg\u00f3: &#8220;Vamos de un lado a otro en un p\u00e9ndulo inferna donde en cada ida y vuelta estamos m\u00e1s abajo&#8221;.<\/p>\n<p>Asimismo, reafirm\u00f3: &#8220;Propongo un camino diferente, resultados, buscar una mayor\u00eda s\u00f3lida que los cambios que llevemos adelante los mantengamos en el tiempo. Hay que ir a un cambio a fondo, el c\u00f3mo hace toda la diferencia&#8221;.<\/p>\n<p>Tras la oficializaci\u00f3n del spot de Bullrich, que incluye disipadas cr\u00edticas a su persona y cuestionamientos a las l\u00edneas de di\u00e1logo, el jefe de Gobierno plante\u00f3: &#8220;Queriendo imponer el cambio a las trompadas, la voluntad de uno por sobre el otro&#8230;mira c\u00f3mo estamos. Esta cosa de amigo\/ enemigo, de la pol\u00edtica es una guerra, de matar al otro&#8230; aprendamos de nuestra historia&#8221;.<\/p>\n<p>&#8220;No es a las trompadas porque no funcion\u00f3. No es mi opini\u00f3n, es ver la historia de la Argentina en los \u00faltimos 40 a\u00f1os. Uno no impone su voluntad. No nos tropecemos con la misma piedra&#8221;, desarroll\u00f3.<\/p>\n<p>Por otro lado, Larreta destac\u00f3 la puesta en pie del gasoducto Presidente N\u00e9stor Kirchner y aclar\u00f3 que el proyecto se dise\u00f1\u00f3 bajo el gobierno del expresidente Mauricio Macri. &#8220;Es un avance para la Argentina. Me parece incre\u00edble que a alguien pudiera no ponerse contento. Hay que continuarlo&#8221;, declar\u00f3.<\/p>\n<p>Por \u00faltimo, rechaz\u00f3 los dichos homof\u00f3bicos del aspirante a legislador Franco Rinaldi, aunque descart\u00f3 la posibilidad de bajarlo de la precandidatura. &#8220;Hay dos valores que se contraponen, el de la libertad de expresi\u00f3n que supone este tipo de cosas, de ninguna manera se justifican, pero suponen este tipo de riesgo&#8221;, afirm\u00f3, y concluy\u00f3: &#8220;Una cosa es condenar y otra censurar, cuando entramos en la censura entramos en un terreno peligroso&#8221;.<\/p>\n","protected":false},"excerpt":{"rendered":"<p>El jefe de Gobierno porte\u00f1o y precandidato a presidente cuestion\u00f3 las propuestas de su competidora en la interna de Juntos por el Cambio. &#8220;Ese camino nos condujo a inseguridad, inflaci\u00f3n, frustraci\u00f3n&#8221;, se\u00f1al\u00f3 &nbsp; &nbsp; El jefe de Gobierno porte\u00f1o y precandidato a presidente, Horacio Rodr\u00edguez Larreta, reaccion\u00f3 al spot de campa\u00f1a de la titular del PRO en uso de licencia, Patricia Bullrich, con quien competir\u00e1 en la interna de Juntos por el Cambio, y sostuvo que &#8220;el camino no es a las trompadas y a los gritos&#8221;. &#8220;El camino de&#8230;<\/p>\n","protected":false},"author":3,"featured_media":104123,"comment_status":"closed","ping_status":"closed","sticky":false,"template":"","format":"standard","meta":[],"categories":[18],"tags":[],"_links":{"self":[{"href":"https:\/\/www.actualidadadiario.com\/index.php\/wp-json\/wp\/v2\/posts\/104504"}],"collection":[{"href":"https:\/\/www.actualidadadiario.com\/index.php\/wp-json\/wp\/v2\/posts"}],"about":[{"href":"https:\/\/www.actualidadadiario.com\/index.php\/wp-json\/wp\/v2\/types\/post"}],"author":[{"embeddable":true,"href":"https:\/\/www.actualidadadiario.com\/index.php\/wp-json\/wp\/v2\/users\/3"}],"replies":[{"embeddable":true,"href":"https:\/\/www.actualidadadiario.com\/index.php\/wp-json\/wp\/v2\/comments?post=104504"}],"version-history":[{"count":1,"href":"https:\/\/www.actualidadadiario.com\/index.php\/wp-json\/wp\/v2\/posts\/104504\/revisions"}],"predecessor-version":[{"id":104505,"href":"https:\/\/www.actualidadadiario.com\/index.php\/wp-json\/wp\/v2\/posts\/104504\/revisions\/104505"}],"wp:featuredmedia":[{"embeddable":true,"href":"https:\/\/www.actualidadadiario.com\/index.php\/wp-json\/wp\/v2\/media\/104123"}],"wp:attachment":[{"href":"https:\/\/www.actualidadadiario.com\/index.php\/wp-json\/wp\/v2\/media?parent=104504"}],"wp:term":[{"taxonomy":"category","embeddable":true,"href":"https:\/\/www.actualidadadiario.com\/index.php\/wp-json\/wp\/v2\/categories?post=104504"},{"taxonomy":"post_tag","embeddable":true,"href":"https:\/\/www.actualidadadiario.com\/index.php\/wp-json\/wp\/v2\/tags?post=104504"}],"curies":[{"name":"wp","href":"https:\/\/api.w.org\/{rel}","templated":true}]}}