{"id":104493,"date":"2023-07-10T12:54:40","date_gmt":"2023-07-10T15:54:40","guid":{"rendered":"https:\/\/www.actualidadadiario.com\/?p=104493"},"modified":"2023-07-10T12:54:40","modified_gmt":"2023-07-10T15:54:40","slug":"empresarios-extranjeros-buscan-invertir-en-la-produccion-entrerriana-de-canamo","status":"publish","type":"post","link":"https:\/\/www.actualidadadiario.com\/index.php\/2023\/07\/10\/empresarios-extranjeros-buscan-invertir-en-la-produccion-entrerriana-de-canamo\/","title":{"rendered":"Empresarios extranjeros buscan invertir en la producci\u00f3n entrerriana de c\u00e1\u00f1amo"},"content":{"rendered":"<p style=\"text-align: center;\"><em><strong>Parte de la comitiva de empresarios que lleg\u00f3 este lunes a Entre R\u00edos para invertir e importar productos de la provincia tiene como meta iniciar conversaciones con productores locales c\u00e1\u00f1amo. \u201cSe requiere de una inversi\u00f3n inicial potente con miras al mediano y largo plazo\u201d, afirm\u00f3 el Vicepresidente de la Fundaci\u00f3n Advanced Leadership, una de las organizadoras de la misi\u00f3n comercial<\/strong><\/em><\/p>\n<p>&nbsp;<\/p>\n<p>&nbsp;<\/p>\n<p>El arribo de los empresarios se enmarca en el Trade Forum 2023, una actividad organizada por el Gobierno de Entre R\u00edos y la Fundaci\u00f3n Advanced Leadership, que cuenta con el apoyo del Banco Interamericano de Desarrollo (BID) y busca ampliar y diversificar la matriz productiva de Entre R\u00edos.<\/p>\n<p>La idea es generar oportunidades de intercambio de conocimiento, inversi\u00f3n y desarrollo de nuevas actividades y mercados para los sectores tradicionales y tambi\u00e9n para las industrias de base tecnol\u00f3gica, creativas, el turismo, el c\u00e1\u00f1amo, y la transformaci\u00f3n de la matriz energ\u00e9tica hacia fuentes renovables.<\/p>\n<p>La delegaci\u00f3n est\u00e1 compuesta por 35 empresarios extranjeros, la mayor\u00eda de Estados Unidos: \u201cLlegaron este lunes a Buenos Aires, donde el Gobierno de la Provincia realiz\u00f3 una recepci\u00f3n en la Casa de Entre R\u00edos y este martes viajar\u00e1n hacia el Centro\u00a0 de Convenciones ubicado en Paran\u00e1, donde se desarrollar\u00e1 la actividad\u201d, indic\u00f3 el Vicepresidente de la Fundaci\u00f3n Advanced Leadership, Jorge Brown.<\/p>\n<p>En este marco, el directivo se\u00f1al\u00f3 a \u201cSexto Sentido\u201d (FM Litoral) que \u201cla gran mayor\u00eda de las inversiones est\u00e1 orientada a la tecnolog\u00eda, a la agricultura y al turismo\u201d.<\/p>\n<p>Y luego brind\u00f3 m\u00e1s detalles sobre el perfil de inversi\u00f3n que buscan algunos de los empresarios de la delegaci\u00f3n: \u201cVienen tres empresas a buscar la oportunidad de asociarse con productores locales de c\u00e1\u00f1amo, una producci\u00f3n que tiene m\u00faltiples utilidades, m\u00e1s all\u00e1 de la medicinal\u201d.<\/p>\n<p>Por \u00faltimo, Brown asever\u00f3 que este tipo de producci\u00f3n requiere \u201cuna inversi\u00f3n inicial potente con miras al mediano y largo plazo\u201d.<\/p>\n","protected":false},"excerpt":{"rendered":"<p>Parte de la comitiva de empresarios que lleg\u00f3 este lunes a Entre R\u00edos para invertir e importar productos de la provincia tiene como meta iniciar conversaciones con productores locales c\u00e1\u00f1amo. \u201cSe requiere de una inversi\u00f3n inicial potente con miras al mediano y largo plazo\u201d, afirm\u00f3 el Vicepresidente de la Fundaci\u00f3n Advanced Leadership, una de las organizadoras de la misi\u00f3n comercial &nbsp; &nbsp; El arribo de los empresarios se enmarca en el Trade Forum 2023, una actividad organizada por el Gobierno de Entre R\u00edos y la Fundaci\u00f3n Advanced Leadership, que cuenta&#8230;<\/p>\n","protected":false},"author":3,"featured_media":104494,"comment_status":"closed","ping_status":"closed","sticky":false,"template":"","format":"standard","meta":[],"categories":[15],"tags":[],"_links":{"self":[{"href":"https:\/\/www.actualidadadiario.com\/index.php\/wp-json\/wp\/v2\/posts\/104493"}],"collection":[{"href":"https:\/\/www.actualidadadiario.com\/index.php\/wp-json\/wp\/v2\/posts"}],"about":[{"href":"https:\/\/www.actualidadadiario.com\/index.php\/wp-json\/wp\/v2\/types\/post"}],"author":[{"embeddable":true,"href":"https:\/\/www.actualidadadiario.com\/index.php\/wp-json\/wp\/v2\/users\/3"}],"replies":[{"embeddable":true,"href":"https:\/\/www.actualidadadiario.com\/index.php\/wp-json\/wp\/v2\/comments?post=104493"}],"version-history":[{"count":1,"href":"https:\/\/www.actualidadadiario.com\/index.php\/wp-json\/wp\/v2\/posts\/104493\/revisions"}],"predecessor-version":[{"id":104495,"href":"https:\/\/www.actualidadadiario.com\/index.php\/wp-json\/wp\/v2\/posts\/104493\/revisions\/104495"}],"wp:featuredmedia":[{"embeddable":true,"href":"https:\/\/www.actualidadadiario.com\/index.php\/wp-json\/wp\/v2\/media\/104494"}],"wp:attachment":[{"href":"https:\/\/www.actualidadadiario.com\/index.php\/wp-json\/wp\/v2\/media?parent=104493"}],"wp:term":[{"taxonomy":"category","embeddable":true,"href":"https:\/\/www.actualidadadiario.com\/index.php\/wp-json\/wp\/v2\/categories?post=104493"},{"taxonomy":"post_tag","embeddable":true,"href":"https:\/\/www.actualidadadiario.com\/index.php\/wp-json\/wp\/v2\/tags?post=104493"}],"curies":[{"name":"wp","href":"https:\/\/api.w.org\/{rel}","templated":true}]}}