{"id":104491,"date":"2023-07-10T12:53:41","date_gmt":"2023-07-10T15:53:41","guid":{"rendered":"https:\/\/www.actualidadadiario.com\/?p=104491"},"modified":"2023-07-10T12:53:41","modified_gmt":"2023-07-10T15:53:41","slug":"este-martes-se-inicia-el-pago-del-medio-aguinaldo-a-activos-y-pasivos-provinciales","status":"publish","type":"post","link":"https:\/\/www.actualidadadiario.com\/index.php\/2023\/07\/10\/este-martes-se-inicia-el-pago-del-medio-aguinaldo-a-activos-y-pasivos-provinciales\/","title":{"rendered":"Este martes se inicia el pago del medio aguinaldo a activos y pasivos provinciales"},"content":{"rendered":"<p style=\"text-align: center;\"><em><strong>Este martes 11 se inicia el pago del Sueldo Anual Complementario a trabajadores activos y pasivos de la administraci\u00f3n p\u00fablica provincial. El cronograma finalizar\u00e1 el jueves 13<\/strong><\/em><\/p>\n<p>&nbsp;<\/p>\n<p>&nbsp;<\/p>\n<p>Cabe se\u00f1alar que este pago de aguinaldo, sumado a los sueldos de junio, representa una inversi\u00f3n de 71.000 millones de pesos que hace la provincia y que se vuelcan a la econom\u00eda local.<\/p>\n<p>De esta manera, \u201ccumplimos con los compromisos asumidos con las organizaciones gremiales del sector p\u00fablico en paritaria y seguimos impulsando la actividad en todo el territorio\u201d, se\u00f1al\u00f3 el ministro de Econom\u00eda y Producci\u00f3n, Hugo Ballay.<\/p>\n<p>&nbsp;<\/p>\n<p><strong>Cronograma de medio aguinaldo:<\/strong><\/p>\n<p><strong>Martes 11 de julio:<\/strong> hasta 80.000 pesos.<\/p>\n<p><strong>Mi\u00e9rcoles 12 de julio:<\/strong> desde 80.001 pesos a 150.000 pesos.<\/p>\n<p><strong>Jueves 13 de julio:<\/strong> M\u00e1s de 150.000 pesos.<\/p>\n","protected":false},"excerpt":{"rendered":"<p>Este martes 11 se inicia el pago del Sueldo Anual Complementario a trabajadores activos y pasivos de la administraci\u00f3n p\u00fablica provincial. El cronograma finalizar\u00e1 el jueves 13 &nbsp; &nbsp; Cabe se\u00f1alar que este pago de aguinaldo, sumado a los sueldos de junio, representa una inversi\u00f3n de 71.000 millones de pesos que hace la provincia y que se vuelcan a la econom\u00eda local. De esta manera, \u201ccumplimos con los compromisos asumidos con las organizaciones gremiales del sector p\u00fablico en paritaria y seguimos impulsando la actividad en todo el territorio\u201d, se\u00f1al\u00f3 el&#8230;<\/p>\n","protected":false},"author":3,"featured_media":104030,"comment_status":"closed","ping_status":"closed","sticky":false,"template":"","format":"standard","meta":[],"categories":[9,15],"tags":[],"_links":{"self":[{"href":"https:\/\/www.actualidadadiario.com\/index.php\/wp-json\/wp\/v2\/posts\/104491"}],"collection":[{"href":"https:\/\/www.actualidadadiario.com\/index.php\/wp-json\/wp\/v2\/posts"}],"about":[{"href":"https:\/\/www.actualidadadiario.com\/index.php\/wp-json\/wp\/v2\/types\/post"}],"author":[{"embeddable":true,"href":"https:\/\/www.actualidadadiario.com\/index.php\/wp-json\/wp\/v2\/users\/3"}],"replies":[{"embeddable":true,"href":"https:\/\/www.actualidadadiario.com\/index.php\/wp-json\/wp\/v2\/comments?post=104491"}],"version-history":[{"count":1,"href":"https:\/\/www.actualidadadiario.com\/index.php\/wp-json\/wp\/v2\/posts\/104491\/revisions"}],"predecessor-version":[{"id":104492,"href":"https:\/\/www.actualidadadiario.com\/index.php\/wp-json\/wp\/v2\/posts\/104491\/revisions\/104492"}],"wp:featuredmedia":[{"embeddable":true,"href":"https:\/\/www.actualidadadiario.com\/index.php\/wp-json\/wp\/v2\/media\/104030"}],"wp:attachment":[{"href":"https:\/\/www.actualidadadiario.com\/index.php\/wp-json\/wp\/v2\/media?parent=104491"}],"wp:term":[{"taxonomy":"category","embeddable":true,"href":"https:\/\/www.actualidadadiario.com\/index.php\/wp-json\/wp\/v2\/categories?post=104491"},{"taxonomy":"post_tag","embeddable":true,"href":"https:\/\/www.actualidadadiario.com\/index.php\/wp-json\/wp\/v2\/tags?post=104491"}],"curies":[{"name":"wp","href":"https:\/\/api.w.org\/{rel}","templated":true}]}}