{"id":104488,"date":"2023-07-10T12:52:51","date_gmt":"2023-07-10T15:52:51","guid":{"rendered":"https:\/\/www.actualidadadiario.com\/?p=104488"},"modified":"2023-07-10T12:52:51","modified_gmt":"2023-07-10T15:52:51","slug":"un-sacerdote-oriundo-de-federacion-fue-elegido-para-ser-cardenal-por-el-papa-francisco","status":"publish","type":"post","link":"https:\/\/www.actualidadadiario.com\/index.php\/2023\/07\/10\/un-sacerdote-oriundo-de-federacion-fue-elegido-para-ser-cardenal-por-el-papa-francisco\/","title":{"rendered":"Un sacerdote oriundo de Federaci\u00f3n fue elegido para ser cardenal por el papa Francisco"},"content":{"rendered":"<p style=\"text-align: center;\"><em><strong>Los cardenales son los consejeros y colaboradores m\u00e1s inmediatos del Papa, siendo en su inmensa mayor\u00eda obispos. Deben ayudar al Santo Padre a administrar la Iglesia. Tambi\u00e9n pueden participar en el c\u00f3nclave o elecci\u00f3n del nuevo Papa<\/strong><\/em><\/p>\n<p>&nbsp;<\/p>\n<p>&nbsp;<\/p>\n<p>Argentina llegar\u00e1 ahora a siete cardenales, ya que las nuevas tres creaciones se suman a Mario Poli, Leonardo Sandri, H\u00e9ctor Villalba y el exarzobispo de Paran\u00e1, Estanislao Karlic.<\/p>\n<p>De los purpurados argentinos, Fern\u00e1ndez, Rossi, Poli y Sandri son los que por el momento tienen derecho a voto en un eventual c\u00f3nclave por tener menos de 80 a\u00f1os.<\/p>\n<p>Al final del \u00c1ngelus de este domingo, el Papa Francisco anunci\u00f3 para septiembre la celebraci\u00f3n de un Consistorio para la creaci\u00f3n de nuevos cardenales, el noveno de su Pontificado.<\/p>\n<p>\u00abQueridos hermanos y hermanas: me alegra anunciarles que el pr\u00f3ximo 30 de septiembre celebrar\u00e9 un Consistorio para la creaci\u00f3n de nuevos cardenales\u201d, dijo la m\u00e1xima autoridad e la iglesia.<\/p>\n<p>Sobre los elegidos, afirm\u00f3 que \u201csu procedencia expresa la universalidad de la Iglesia, que sigue proclamando el amor misericordioso de Dios a todos los hombres de la tierra. La inclusi\u00f3n de los nuevos Cardenales en la di\u00f3cesis de Roma manifiesta tambi\u00e9n el v\u00ednculo inseparable entre la Sede de Pedro y las Iglesias particulares extendidas por todo el mundo\u00bb.<\/p>\n<p>Pidi\u00f3 oraci\u00f3n por los nuevos Cardenales \u00abpara que, confirmando su adhesi\u00f3n a Cristo, misericordioso y fiel Sumo Sacerdote (cf. Hb 2,17), me ayuden en mi ministerio de Obispo de Roma por el bien de todo el pueblo fiel de Dios\u00bb.<\/p>\n<p>&nbsp;<\/p>\n<p><strong>El entrerriano<\/strong><\/p>\n<p>Fray Luis Pascual Dri naci\u00f3 en Federaci\u00f3n, Entre R\u00edos, en 1927, en una familia rural. En 1949 llev\u00f3 a cabo su profesi\u00f3n perpetua como fraile capuchino, y en 1952 fue ordenado sacerdote. Se desempe\u00f1\u00f3 como director en los seminarios capuchinos, como maestro de novicios, educador y p\u00e1rroco.<\/p>\n<p>Siendo p\u00e1rroco del Santuario de Nuestra Se\u00f1ora de Pompeya, en Buenos Aires, fue confesor del cardenal Jorge Bergoglio, hoy papa Francisco. Su primer libro se llama \u00abNo tengan miedo de perdonar\u00bb, y se edit\u00f3 por pedido del mismo papa Francisco. En la actualidad se dedica al sacramento de la reconciliaci\u00f3n y a brindar reflexiones por audios.<\/p>\n","protected":false},"excerpt":{"rendered":"<p>Los cardenales son los consejeros y colaboradores m\u00e1s inmediatos del Papa, siendo en su inmensa mayor\u00eda obispos. Deben ayudar al Santo Padre a administrar la Iglesia. Tambi\u00e9n pueden participar en el c\u00f3nclave o elecci\u00f3n del nuevo Papa &nbsp; &nbsp; Argentina llegar\u00e1 ahora a siete cardenales, ya que las nuevas tres creaciones se suman a Mario Poli, Leonardo Sandri, H\u00e9ctor Villalba y el exarzobispo de Paran\u00e1, Estanislao Karlic. De los purpurados argentinos, Fern\u00e1ndez, Rossi, Poli y Sandri son los que por el momento tienen derecho a voto en un eventual c\u00f3nclave&#8230;<\/p>\n","protected":false},"author":3,"featured_media":104489,"comment_status":"closed","ping_status":"closed","sticky":false,"template":"","format":"standard","meta":[],"categories":[15],"tags":[],"_links":{"self":[{"href":"https:\/\/www.actualidadadiario.com\/index.php\/wp-json\/wp\/v2\/posts\/104488"}],"collection":[{"href":"https:\/\/www.actualidadadiario.com\/index.php\/wp-json\/wp\/v2\/posts"}],"about":[{"href":"https:\/\/www.actualidadadiario.com\/index.php\/wp-json\/wp\/v2\/types\/post"}],"author":[{"embeddable":true,"href":"https:\/\/www.actualidadadiario.com\/index.php\/wp-json\/wp\/v2\/users\/3"}],"replies":[{"embeddable":true,"href":"https:\/\/www.actualidadadiario.com\/index.php\/wp-json\/wp\/v2\/comments?post=104488"}],"version-history":[{"count":1,"href":"https:\/\/www.actualidadadiario.com\/index.php\/wp-json\/wp\/v2\/posts\/104488\/revisions"}],"predecessor-version":[{"id":104490,"href":"https:\/\/www.actualidadadiario.com\/index.php\/wp-json\/wp\/v2\/posts\/104488\/revisions\/104490"}],"wp:featuredmedia":[{"embeddable":true,"href":"https:\/\/www.actualidadadiario.com\/index.php\/wp-json\/wp\/v2\/media\/104489"}],"wp:attachment":[{"href":"https:\/\/www.actualidadadiario.com\/index.php\/wp-json\/wp\/v2\/media?parent=104488"}],"wp:term":[{"taxonomy":"category","embeddable":true,"href":"https:\/\/www.actualidadadiario.com\/index.php\/wp-json\/wp\/v2\/categories?post=104488"},{"taxonomy":"post_tag","embeddable":true,"href":"https:\/\/www.actualidadadiario.com\/index.php\/wp-json\/wp\/v2\/tags?post=104488"}],"curies":[{"name":"wp","href":"https:\/\/api.w.org\/{rel}","templated":true}]}}