{"id":104486,"date":"2023-07-10T12:51:55","date_gmt":"2023-07-10T15:51:55","guid":{"rendered":"https:\/\/www.actualidadadiario.com\/?p=104486"},"modified":"2023-07-10T12:51:55","modified_gmt":"2023-07-10T15:51:55","slug":"se-distribuyen-libros-para-aprender-en-escuelas-secundarias-de-entre-rios","status":"publish","type":"post","link":"https:\/\/www.actualidadadiario.com\/index.php\/2023\/07\/10\/se-distribuyen-libros-para-aprender-en-escuelas-secundarias-de-entre-rios\/","title":{"rendered":"Se distribuyen Libros para Aprender en escuelas secundarias de Entre R\u00edos"},"content":{"rendered":"<p style=\"text-align: center;\"><em><strong>En el marco del programa Libros para Aprender, el gobierno nacional distribuye libros de Lengua y Literatura y Matem\u00e1tica para estudiantes de Educaci\u00f3n Secundaria de la provincia. Son 179.380 ejemplares para 73.736 alumnos y alumnas de 568 escuelas<\/strong><\/em><\/p>\n<p>&nbsp;<\/p>\n<p>&nbsp;<\/p>\n<p>En referencia, la directora de Educaci\u00f3n Secundaria del Consejo General de Educaci\u00f3n (CGE), Laura Giles, dijo que \u201cLibros para Aprender se inscribe en el marco de una pol\u00edtica nacional que busca cumplir con el derecho a la educaci\u00f3n, objetivo fundamental de nuestro Plan Educativo Provincial 2019-2023\u201d.<\/p>\n<p>En otro punto, la funcionaria resalt\u00f3: \u201cDestacamos la importancia de que cada estudiante cuente con su libro, que pueda aprender en su casa, con su familia. Estamos convencidos de que estas acciones favorecen la calidad de los aprendizajes, reducen la desigualdad y fomentan la imaginaci\u00f3n y el pensamiento cr\u00edtico de nuestros j\u00f3venes\u201d.<\/p>\n<p>&nbsp;<\/p>\n<p><strong>Proceso de selecci\u00f3n<\/strong><\/p>\n<p>La Comisi\u00f3n Asesora Nacional (CAN), conformada por especialistas de las 24 jurisdicciones, realiza las recomendaciones de los t\u00edtulos y la Selecci\u00f3n Jurisdiccional selecciona el material que llegar\u00e1 a cada provincia entre los libros que resultaron recomendados.<\/p>\n<p>&nbsp;<\/p>\n<p><strong>Distribuci\u00f3n en Entre R\u00edos<\/strong><\/p>\n<p>En 2022, jardines de infantes recibieron m\u00e1s de 19.000 libros. Ni\u00f1os y ni\u00f1as de salas de 3, 4 y 5 a\u00f1os, recepcionaron ejemplares de la colecci\u00f3n que incluy\u00f3 151 t\u00edtulos de 52 editoriales diferentes con una variedad de 84 autoras y 33 autores de los \u00e1mbitos nacional e internacional, entre los que se destacan Adela Basch, Liliana Bodoc, Isol, Gustavo Rold\u00e1n y Didier L\u00e9vy, entre otros.<\/p>\n<p>Fueron 105.690 libros para 41.850 estudiantes de 1094 jardines, con una inversi\u00f3n de 64 millones de pesos. Se distribuyeron dos obras literarias personales para llevar del jard\u00edn a la casa y viceversa. Tambi\u00e9n hubo material para el cuerpo docente y una colecci\u00f3n completa para la biblioteca de cada jard\u00edn. En 2023, otros 5.200 se repartieron en las supervisiones de los departamentos Victoria, Nogoy\u00e1, Diamante, Villaguay, Paran\u00e1 y Concordia.<\/p>\n<p>En la Educaci\u00f3n Primaria, en 2022 fueron entregados 193.743 libros para m\u00e1s de 100.000 estudiantes de las 1.105 escuelas. En el primer semestre de 2023, se recibieron 359.590 ejemplares y esta propuesta contempla la entrega de un libro de Matem\u00e1tica y uno de Lengua a cada alumna y alumno, para ser utilizados tanto en el aula como en sus hogares. A su vez, cada instituto de formaci\u00f3n y cada docente cuentan con los mismos libros para desarrollar juntos el proceso de aprendizaje.<\/p>\n<p>La selecci\u00f3n de textos incluye 112 t\u00edtulos de 15 editoriales en los que trabajaron m\u00e1s de 560 autoras, autores y desarrolladores de contenidos y 495 ilustradoras, ilustradores, dise\u00f1adoras y dise\u00f1adores.<\/p>\n<p>La entrega la realiza la empresa de correo Ocasa directo a la instituci\u00f3n y sin ning\u00fan costo. Un miembro del equipo directivo deber\u00e1 conformar la recepci\u00f3n con el sello de la escuela, \u00fanico documento que permitir\u00e1 hacer los reclamos pertinentes en caso de ser necesario.<\/p>\n","protected":false},"excerpt":{"rendered":"<p>En el marco del programa Libros para Aprender, el gobierno nacional distribuye libros de Lengua y Literatura y Matem\u00e1tica para estudiantes de Educaci\u00f3n Secundaria de la provincia. Son 179.380 ejemplares para 73.736 alumnos y alumnas de 568 escuelas &nbsp; &nbsp; En referencia, la directora de Educaci\u00f3n Secundaria del Consejo General de Educaci\u00f3n (CGE), Laura Giles, dijo que \u201cLibros para Aprender se inscribe en el marco de una pol\u00edtica nacional que busca cumplir con el derecho a la educaci\u00f3n, objetivo fundamental de nuestro Plan Educativo Provincial 2019-2023\u201d. En otro punto, la&#8230;<\/p>\n","protected":false},"author":3,"featured_media":86232,"comment_status":"closed","ping_status":"closed","sticky":false,"template":"","format":"standard","meta":[],"categories":[9,15],"tags":[],"_links":{"self":[{"href":"https:\/\/www.actualidadadiario.com\/index.php\/wp-json\/wp\/v2\/posts\/104486"}],"collection":[{"href":"https:\/\/www.actualidadadiario.com\/index.php\/wp-json\/wp\/v2\/posts"}],"about":[{"href":"https:\/\/www.actualidadadiario.com\/index.php\/wp-json\/wp\/v2\/types\/post"}],"author":[{"embeddable":true,"href":"https:\/\/www.actualidadadiario.com\/index.php\/wp-json\/wp\/v2\/users\/3"}],"replies":[{"embeddable":true,"href":"https:\/\/www.actualidadadiario.com\/index.php\/wp-json\/wp\/v2\/comments?post=104486"}],"version-history":[{"count":1,"href":"https:\/\/www.actualidadadiario.com\/index.php\/wp-json\/wp\/v2\/posts\/104486\/revisions"}],"predecessor-version":[{"id":104487,"href":"https:\/\/www.actualidadadiario.com\/index.php\/wp-json\/wp\/v2\/posts\/104486\/revisions\/104487"}],"wp:featuredmedia":[{"embeddable":true,"href":"https:\/\/www.actualidadadiario.com\/index.php\/wp-json\/wp\/v2\/media\/86232"}],"wp:attachment":[{"href":"https:\/\/www.actualidadadiario.com\/index.php\/wp-json\/wp\/v2\/media?parent=104486"}],"wp:term":[{"taxonomy":"category","embeddable":true,"href":"https:\/\/www.actualidadadiario.com\/index.php\/wp-json\/wp\/v2\/categories?post=104486"},{"taxonomy":"post_tag","embeddable":true,"href":"https:\/\/www.actualidadadiario.com\/index.php\/wp-json\/wp\/v2\/tags?post=104486"}],"curies":[{"name":"wp","href":"https:\/\/api.w.org\/{rel}","templated":true}]}}