{"id":104475,"date":"2023-07-10T12:48:22","date_gmt":"2023-07-10T15:48:22","guid":{"rendered":"https:\/\/www.actualidadadiario.com\/?p=104475"},"modified":"2023-07-10T12:48:22","modified_gmt":"2023-07-10T15:48:22","slug":"mas-gasoductos-en-15-dias-licitaran-el-norte-y-en-septiembre-avanza-la-etapa-2-del-nestor-kirchner","status":"publish","type":"post","link":"https:\/\/www.actualidadadiario.com\/index.php\/2023\/07\/10\/mas-gasoductos-en-15-dias-licitaran-el-norte-y-en-septiembre-avanza-la-etapa-2-del-nestor-kirchner\/","title":{"rendered":"M\u00e1s gasoductos: en 15 d\u00edas licitar\u00e1n el Norte y en septiembre avanza la etapa 2 del N\u00e9stor Kirchner"},"content":{"rendered":"<p style=\"text-align: center;\"><em><strong>As\u00ed anunci\u00f3 el ministro de Econom\u00eda y precandidato presidencial de Uni\u00f3n por la Patria, Sergio Massa, durante el acto de inauguraci\u00f3n en Salliquel\u00f3, donde participaron tambi\u00e9n el presidente Alberto Fern\u00e1ndez y la vicepresidenta Cristina Fern\u00e1ndez de Kirchner<\/strong><\/em><\/p>\n<p>&nbsp;<\/p>\n<p>&nbsp;<\/p>\n<p>El Gobierno pondr\u00e1 en marcha en 15 d\u00edas la licitaci\u00f3n para la concreci\u00f3n de la obra de reversi\u00f3n del Gasoducto del Norte, lo que complementar\u00e1 la infraestructura necesaria para llevar el gas de Vaca Muerta a 6 millones de usuarios de las provincias de esa regi\u00f3n del pa\u00eds. Adem\u00e1s realizar\u00e1n la convocatoria en septiembre para el segundo tramo del Gasoducto Presidente N\u00e9stor Kirchner (GPNK).<\/p>\n<p>As\u00ed anunci\u00f3 el ministro de Econom\u00eda y precandidato presidencial de Uni\u00f3n por la Patria (UP), Sergio Massa, en el acto de inauguraci\u00f3n del gasoducto en el que participaron tambi\u00e9n el presidente Alberto Fern\u00e1ndez y la vicepresidenta Cristina Fern\u00e1ndez de Kirchner.<\/p>\n<p>Seg\u00fan consider\u00f3 el titular del Palacio de Hacienda, la primera obra significar\u00e1 \u201cempezar a pensar no solo en que el norte reciba el gas de Vaca Muerta sino que adem\u00e1s desde esa regi\u00f3n podamos exportar a Chile y desde Bolivia podamos vender al sur y centro de Brasil\u201d.<\/p>\n<p>Adem\u00e1s confirm\u00f3 que \u201cen septiembre llamaremos a licitaci\u00f3n para el segundo tramo del Gasoducto N\u00e9stor Kirchner (que unir\u00e1 Salliquel\u00f3 con San Jer\u00f3nimo) para terminar de abastecer el litoral argentino y adem\u00e1s empezar a exportar v\u00eda sur de Brasil\u201d.<\/p>\n<p>En el acto tambi\u00e9n estuvieron en el escenario el gobernador de Buenos Aires, Axel Kicillof, y el jefe de Gabinete y precandidato a vicepresidente por UP, Agust\u00edn Rossi. En la primera fila escuchaban la primera plana de la coalici\u00f3n oficialista, desde el ministro del Interior y flamante jefe de campa\u00f1a, Eduardo \u201cWado\u201d de Pedro, hasta el \u00fanico contrincante interno de Massa, el otro precandidato presidencial de UP, Juan Grabois.<\/p>\n<p>El gobernador de La Pampa, Sergio Zillioto, tambi\u00e9n estuvo sentado en primera fila entre los presentes, y el mandatario de Neuqu\u00e9n, Omar Guti\u00e9rrez, habl\u00f3 v\u00eda videoconferencia desde el kil\u00f3metro cero del gasoducto, en la localidad patag\u00f3nica de Tratayen.<\/p>\n<p>&nbsp;<\/p>\n<p><strong>Las obras <\/strong><\/p>\n<p>Neuqu\u00e9n, R\u00edo Negro, La Pampa y Buenos Aires son las 4 provincias por las que pasa la primera etapa del gasoducto, que tiene una extensi\u00f3n de 573 kil\u00f3metros.<\/p>\n<p>La decisi\u00f3n del Gobierno es que la megaobra inaugurada este domingo sea el puntapi\u00e9 inicial de un conjunto de proyectos de infraestructura que permitir\u00e1n cambiar la matriz energ\u00e9tica nacional, de manera de convertir al pa\u00eds en un actor de peso en el mapa exportador global.<\/p>\n<p>Al respecto, Massa dijo que \u201cArgentina va a pasar de ser un pa\u00eds con d\u00e9ficit de d\u00f3lares por tener que importar energ\u00eda a tener super\u00e1vit en su balanza comercial porque estamos haciendo las obras que cambian definitivamente esa ecuaci\u00f3n\u201d.<\/p>\n<p>Fue as\u00ed que anunci\u00f3 del llamado a licitaci\u00f3n en 15 d\u00edas de las primeras obras para el proyecto de reversi\u00f3n del Gasoducto del Norte, lo que complementar\u00e1 la infraestructura necesaria para llevar el gas de Vaca Muerta a 6 millones de usuarios de las provincias de esa regi\u00f3n del pa\u00eds.<\/p>\n<p>La llamada reversi\u00f3n del Gasoducto del Norte tiene como obra principal la construcci\u00f3n de un ducto de 30 pulgadas que permitir\u00e1 unir a la altura de la provincia de C\u00f3rdoba los dos grandes sistemas que abastecen al pa\u00eds operados por las transportadoras Gas del Norte y Gas del Sur.<\/p>\n<p>Se trata de un tramo de 150 kil\u00f3metros de extensi\u00f3n entre la localidad de La Carlota y T\u00edo Pujio, que ir\u00eda casi en paralelo a la ruta provincial 4, para vincular el Gasoducto Central Norte (TGS) proveniente de la Cuenca Neuquina, y el Gasoducto del Norte (TGN) que se extiende desde Campo Dur\u00e1n, en Salta, justo en el l\u00edmite con Bolivia, con la localidad bonaerense de General Pacheco.<\/p>\n<p>Sobre el tema, el presidente de Enarsa, Agust\u00edn Gerez, precis\u00f3 en declaraciones a la prensa que ser\u00e1n \u201c800 millones de d\u00f3lares de inversi\u00f3n en la provincia de C\u00f3rdoba, que nos va a permitir abastecer todo el norte argentino con gas de Vaca Muerta y permitir eventual exportaci\u00f3n a Brasil a trav\u00e9s de Bolivia\u201d.<\/p>\n<p>Gerez adelant\u00f3 que el Gobierno tiene prevista la inauguraci\u00f3n de la reversi\u00f3n del Gasoducto del Norte para \u201centre marzo y abril del a\u00f1o que viene\u201d. Tambi\u00e9n estim\u00f3 que la reversi\u00f3n permitir\u00e1 un ahorro de US$1.700 millones, que es el monto que est\u00e1 import\u00e1ndose en la actualidad desde Bolivia.<\/p>\n<p>Massa tambi\u00e9n confirm\u00f3 que en septiembre concretar\u00e1n el llamado a licitaci\u00f3n para llevar a cabo las obras de la segunda etapa del gasoducto, que conectar\u00e1 la localidad bonaerense de Salliquel\u00f3 con San Jer\u00f3nimo, en Santa Fe, lo que permitir\u00e1 en un futuro exportar gas a Brasil. \u201cEn septiembre llamaremos a licitaci\u00f3n para el segundo tramo del Gasoducto N\u00e9stor Kirchner para terminar de abastecer el litoral argentino y adem\u00e1s empezar a exportar v\u00eda sur de Brasil\u201d, dijo el jefe del Palacio de Hacienda.<\/p>\n<p>Al respecto, Gerez precis\u00f3 que \u201cva a ser una doble licitaci\u00f3n\u201d, ya que por un lado \u201cse va a licitar lo que es la parte de suministro de ca\u00f1os con financiamiento privado, que van a tener que aportar los oferentes, y despu\u00e9s la segunda etapa van a haber parte de un conjunto con entidades privadas que van a financiar el proyecto y obviamente tambi\u00e9n parte del Tesoro\u201d.<\/p>\n","protected":false},"excerpt":{"rendered":"<p>As\u00ed anunci\u00f3 el ministro de Econom\u00eda y precandidato presidencial de Uni\u00f3n por la Patria, Sergio Massa, durante el acto de inauguraci\u00f3n en Salliquel\u00f3, donde participaron tambi\u00e9n el presidente Alberto Fern\u00e1ndez y la vicepresidenta Cristina Fern\u00e1ndez de Kirchner &nbsp; &nbsp; El Gobierno pondr\u00e1 en marcha en 15 d\u00edas la licitaci\u00f3n para la concreci\u00f3n de la obra de reversi\u00f3n del Gasoducto del Norte, lo que complementar\u00e1 la infraestructura necesaria para llevar el gas de Vaca Muerta a 6 millones de usuarios de las provincias de esa regi\u00f3n del pa\u00eds. Adem\u00e1s realizar\u00e1n la&#8230;<\/p>\n","protected":false},"author":3,"featured_media":104476,"comment_status":"closed","ping_status":"closed","sticky":false,"template":"","format":"standard","meta":[],"categories":[18],"tags":[],"_links":{"self":[{"href":"https:\/\/www.actualidadadiario.com\/index.php\/wp-json\/wp\/v2\/posts\/104475"}],"collection":[{"href":"https:\/\/www.actualidadadiario.com\/index.php\/wp-json\/wp\/v2\/posts"}],"about":[{"href":"https:\/\/www.actualidadadiario.com\/index.php\/wp-json\/wp\/v2\/types\/post"}],"author":[{"embeddable":true,"href":"https:\/\/www.actualidadadiario.com\/index.php\/wp-json\/wp\/v2\/users\/3"}],"replies":[{"embeddable":true,"href":"https:\/\/www.actualidadadiario.com\/index.php\/wp-json\/wp\/v2\/comments?post=104475"}],"version-history":[{"count":1,"href":"https:\/\/www.actualidadadiario.com\/index.php\/wp-json\/wp\/v2\/posts\/104475\/revisions"}],"predecessor-version":[{"id":104477,"href":"https:\/\/www.actualidadadiario.com\/index.php\/wp-json\/wp\/v2\/posts\/104475\/revisions\/104477"}],"wp:featuredmedia":[{"embeddable":true,"href":"https:\/\/www.actualidadadiario.com\/index.php\/wp-json\/wp\/v2\/media\/104476"}],"wp:attachment":[{"href":"https:\/\/www.actualidadadiario.com\/index.php\/wp-json\/wp\/v2\/media?parent=104475"}],"wp:term":[{"taxonomy":"category","embeddable":true,"href":"https:\/\/www.actualidadadiario.com\/index.php\/wp-json\/wp\/v2\/categories?post=104475"},{"taxonomy":"post_tag","embeddable":true,"href":"https:\/\/www.actualidadadiario.com\/index.php\/wp-json\/wp\/v2\/tags?post=104475"}],"curies":[{"name":"wp","href":"https:\/\/api.w.org\/{rel}","templated":true}]}}