{"id":104465,"date":"2023-07-10T12:44:31","date_gmt":"2023-07-10T15:44:31","guid":{"rendered":"https:\/\/www.actualidadadiario.com\/?p=104465"},"modified":"2023-07-10T12:44:31","modified_gmt":"2023-07-10T15:44:31","slug":"naftas-las-petroleras-adelantaron-una-semana-la-suba-del-45-de-julio","status":"publish","type":"post","link":"https:\/\/www.actualidadadiario.com\/index.php\/2023\/07\/10\/naftas-las-petroleras-adelantaron-una-semana-la-suba-del-45-de-julio\/","title":{"rendered":"Naftas: las petroleras adelantaron una semana la suba del 4,5% de julio"},"content":{"rendered":"<p style=\"text-align: center;\"><em><strong>El incremento no fue comunicado por las petroleras pero fue confirmado el adelantamiento del aumento correspondiente a julio<\/strong><\/em><\/p>\n<p>&nbsp;<\/p>\n<p>&nbsp;<\/p>\n<p>Las compa\u00f1\u00edas petroleras anticiparon una semana el incremento del 4,5% en los precios de sus combustibles.<\/p>\n<p>Los que fueron a las estaciones de servicio se encontraron con la sorpresa de que el aumento de precios acordado por el Gobierno se anticip\u00f3 una semana.<\/p>\n<p>Acostumbrados a que la actualizaci\u00f3n de precios acordada con el Gobierno de 4,5% mensual sea aplicada cerca de la mitad del mes, los usuarios se encontraron con que los precios subieron a las cero del \u00faltimo s\u00e1bado.<\/p>\n<p>El incremento no fue comunicado por las petroleras pero ante la consulta de Noticias Argentinas fue confirmado el adelantamiento del aumento correspondiente a julio.<\/p>\n<p>La nueva suba de las naftas fue un acuerdo entre la Secretar\u00eda de Energ\u00eda y las empresas petroleras. Los anteriores incrementos siempre fueron el 15 de cada mes, pero en esta ocasi\u00f3n se adelant\u00f3 unos d\u00edas.<\/p>\n<p>Se trata de la suba n\u00famero 31 en lo que va de la gesti\u00f3n de Alberto Fern\u00e1ndez, y lo encabez\u00f3 YPF, con la idea de fijar un valor de referencia en el mercado y limitar a las otras empresas a que los precios no puedan dispararse.<\/p>\n<p>Los valores de la nafta se hab\u00edan actualizado por \u00faltima vez el 17 de junio.<\/p>\n<p>Las petroleras apuntan que desde hace tiempo registran una p\u00e9rdida de rentabilidad, principalmente debido a la inflaci\u00f3n, baja de consumo y reacomodamiento de precios demasiado escasos para sus necesidades.<\/p>\n<p>&#8220;Indudablemente que nos toc\u00f3 a todos por sorpresa. Este viernes a la noche nos lleg\u00f3 una notificaci\u00f3n con que ven\u00eda un aumento para todos los combustibles de un 4,5% y a nivel pa\u00eds, y para todas las marcas&#8221;, indic\u00f3 el representante de la C\u00e1mara de Estaciones de Servicio del Nordeste del pa\u00eds, Faruk Jaraf.<\/p>\n<p>Si bien el porcentaje de suba fue generalizado e igual en todo el pa\u00eds, los precios finales presentan algunas diferencias en las provincias, de acuerdo con el distrito.<\/p>\n","protected":false},"excerpt":{"rendered":"<p>El incremento no fue comunicado por las petroleras pero fue confirmado el adelantamiento del aumento correspondiente a julio &nbsp; &nbsp; Las compa\u00f1\u00edas petroleras anticiparon una semana el incremento del 4,5% en los precios de sus combustibles. Los que fueron a las estaciones de servicio se encontraron con la sorpresa de que el aumento de precios acordado por el Gobierno se anticip\u00f3 una semana. Acostumbrados a que la actualizaci\u00f3n de precios acordada con el Gobierno de 4,5% mensual sea aplicada cerca de la mitad del mes, los usuarios se encontraron con&#8230;<\/p>\n","protected":false},"author":3,"featured_media":44988,"comment_status":"closed","ping_status":"closed","sticky":false,"template":"","format":"standard","meta":[],"categories":[2],"tags":[],"_links":{"self":[{"href":"https:\/\/www.actualidadadiario.com\/index.php\/wp-json\/wp\/v2\/posts\/104465"}],"collection":[{"href":"https:\/\/www.actualidadadiario.com\/index.php\/wp-json\/wp\/v2\/posts"}],"about":[{"href":"https:\/\/www.actualidadadiario.com\/index.php\/wp-json\/wp\/v2\/types\/post"}],"author":[{"embeddable":true,"href":"https:\/\/www.actualidadadiario.com\/index.php\/wp-json\/wp\/v2\/users\/3"}],"replies":[{"embeddable":true,"href":"https:\/\/www.actualidadadiario.com\/index.php\/wp-json\/wp\/v2\/comments?post=104465"}],"version-history":[{"count":1,"href":"https:\/\/www.actualidadadiario.com\/index.php\/wp-json\/wp\/v2\/posts\/104465\/revisions"}],"predecessor-version":[{"id":104466,"href":"https:\/\/www.actualidadadiario.com\/index.php\/wp-json\/wp\/v2\/posts\/104465\/revisions\/104466"}],"wp:featuredmedia":[{"embeddable":true,"href":"https:\/\/www.actualidadadiario.com\/index.php\/wp-json\/wp\/v2\/media\/44988"}],"wp:attachment":[{"href":"https:\/\/www.actualidadadiario.com\/index.php\/wp-json\/wp\/v2\/media?parent=104465"}],"wp:term":[{"taxonomy":"category","embeddable":true,"href":"https:\/\/www.actualidadadiario.com\/index.php\/wp-json\/wp\/v2\/categories?post=104465"},{"taxonomy":"post_tag","embeddable":true,"href":"https:\/\/www.actualidadadiario.com\/index.php\/wp-json\/wp\/v2\/tags?post=104465"}],"curies":[{"name":"wp","href":"https:\/\/api.w.org\/{rel}","templated":true}]}}