{"id":104454,"date":"2023-07-10T12:40:36","date_gmt":"2023-07-10T15:40:36","guid":{"rendered":"https:\/\/www.actualidadadiario.com\/?p=104454"},"modified":"2023-07-10T12:40:36","modified_gmt":"2023-07-10T15:40:36","slug":"alerta-sanitaria-por-una-bacteria-que-causa-faringitis-hubo-16-muertes-en-2023","status":"publish","type":"post","link":"https:\/\/www.actualidadadiario.com\/index.php\/2023\/07\/10\/alerta-sanitaria-por-una-bacteria-que-causa-faringitis-hubo-16-muertes-en-2023\/","title":{"rendered":"Alerta sanitaria por una bacteria que causa faringitis: hubo 16 muertes en 2023"},"content":{"rendered":"<p style=\"text-align: center;\"><em><strong>Desde el Ministerio de Salud recomendaron prestar atenci\u00f3n a los s\u00edntomas y c\u00f3mo tratarlos. C\u00f3mo se evita un contagio<\/strong><\/em><\/p>\n<p>&nbsp;<\/p>\n<p>&nbsp;<\/p>\n<p>El Ministerio de Salud de la Naci\u00f3n lanz\u00f3 una alerta por la circulaci\u00f3n de una bacteria denominada Sreptococcus pyogenes, que causa faringitis aguda e infecciones cut\u00e1neas, y que fue fatal en 16 casos en lo que va del 2023. En un contexto de aumento mundial de la enfermedad, las autoridades recomendaron tener al d\u00eda la vacunaci\u00f3n contra la gripe y el coronavirus.<\/p>\n<p>Seg\u00fan los reportes que circularon hasta el momento, el Sistema Nacional de Vigilancia de la Salud notific\u00f3 118 casos confirmados de la infecci\u00f3n, con un aumento del 281% respecto al mismo periodo pero de 2019. As\u00ed las cosas, en lo que va del a\u00f1o desgraciadamente hubo 16 personas muertas a causa de la infecci\u00f3n que tambi\u00e9n avanza fuertemente en pa\u00edses de Europa. El a\u00f1o pasado hab\u00edan registrado ocho muertes.<\/p>\n<p>Las provincias con mayor cantidad de casos confirmados acumulados en 2023 son Buenos Aires (35), Santa Fe (20), Chubut (10) y Tierra del Fuego (10).<\/p>\n<p>Como se mencion\u00f3, la bacteria Streptococcus pyogenes, tambi\u00e9n conocido como Streptococcus del grupo A, causa enfermedades leves como amigdalitis, faringitis, imp\u00e9tigo, celulitis y escarlatina. &#8220;Sin embargo, en raras ocasiones, la infecci\u00f3n puede conducir a la enfermedad invasiva que puede provocar condiciones potencialmente mortales siendo responsable de m\u00e1s de 500.000 muertes anuales en todo el mundo&#8221;, indicaron desde Salud.<\/p>\n<p>&nbsp;<\/p>\n<p><strong>\u00bfC\u00f3mo se da la transmisi\u00f3n? <\/strong><\/p>\n<p>Las autoridades indicaron que por contacto cercano con una persona infectada, a trav\u00e9s de la tos, los estornudos o el contacto con una herida.<\/p>\n<p>El per\u00edodo de incubaci\u00f3n va de 1 a 3 d\u00edas, pero la capacidad de propagaci\u00f3n es evitable si se aplica un tratamiento con antibi\u00f3ticos al menos durante 24 horas. La faringitis se diagnostica mediante cultivos bacterianos y se trata con antibi\u00f3ticos. La higiene de las manos y la higiene personal pueden ayudar a controlar la transmisi\u00f3n.<\/p>\n<p>&nbsp;<\/p>\n<p><strong>S\u00edntomas y tratamientos<\/strong><\/p>\n<p>De acuerdo a la informaci\u00f3n oficial, los s\u00edntomas de la faringitis var\u00edan del dolor de garganta, fiebre y cefaleas, al dolor abdominal; n\u00e1useas y v\u00f3mitos; enrojecimiento de faringe y am\u00edgdalas; mal aliento; ganglios aumentados de tama\u00f1o en el cuello. La primera recomendaci\u00f3n oficial apunta a evitar la automedicaci\u00f3n y realizar una consulta al m\u00e9dico lo antes posible para su diagn\u00f3stico.<\/p>\n<p>Las personas enfermas deben evitar concurrir a lugares p\u00fablicos y restringir los contactos hogare\u00f1os, algo similar a lo que se recomendaba con el coronavirus. Adem\u00e1s, es de importancia lavarse las manos frecuentemente; no compartir objetos de uso personal (cubiertos, vasos, toallas, entre otros) y ventilar adecuadamente y de forma regular los ambientes.<\/p>\n<p>Es fundamental que todas las personas tengan al d\u00eda la vacunaci\u00f3n antigripal y contra coronavirus, muy especialmente aquellas que presentan factores de riesgo. En ese \u00faltimo caso, desde el Ministerio enfatizaron respecto de las personas gestantes, que deben aplicarse la vacuna en cualquier trimestre de la gestaci\u00f3n (en caso de no haberse vacunado durante el embarazo, la madre debe hacerlo dentro de los 10 d\u00edas posteriores al parto).<\/p>\n<p>Pero tambi\u00e9n deben vacunarse &#8220;ni\u00f1os y ni\u00f1as de 6 a 24 meses, a quienes hay que brindarles 2 dosis separadas por al menos 4 semanas si no hubieran recibido anteriormente dos dosis de vacuna antigripal (aquellos que s\u00ed cuentan con al menos dos dosis de vacuna antigripal, deber\u00e1n recibir solo una dosis)&#8221;.<\/p>\n<p>&nbsp;<\/p>\n<p><strong>Vacunaci\u00f3n y personas prescriptas<\/strong><\/p>\n<p>De acuerdo al comunicado de prensa del Ministerio de Salud, tambi\u00e9n tienen prescripci\u00f3n de vacunaci\u00f3n los grupos de riesgo.<\/p>\n<p>Se trata de aquellas personas de 2 a 64 a\u00f1os que presenten ciertas condiciones como enfermedades respiratorias y card\u00edacas; diab\u00e9ticos; inmunodeficiencias cong\u00e9nitas o adquiridas (no oncohematol\u00f3gica); personas con obesidad, pacientes oncohematol\u00f3gicos y trasplantados; convivientes de enfermos oncohematol\u00f3gicos; personas con insuficiencia renal cr\u00f3nica en di\u00e1lisis o con expectativas de ingresar a di\u00e1lisis en los siguientes seis meses.<\/p>\n<p>Adem\u00e1s, la recomendaci\u00f3n abarca a personas con retraso madurativo grave en menores de 18 a\u00f1os de edad; quienes mantienen tratamiento cr\u00f3nico con \u00e1cido acetilsalic\u00edlico siendo menores de 18 a\u00f1os; personas con s\u00edndromes gen\u00e9ticos; con enfermedades neuromusculares con compromiso respiratorio y malformaciones cong\u00e9nitas graves y convivientes de prematuros menores de 1.500 g, entre otros.<\/p>\n<p>&#8220;Todos los antedichos, para recibir la vacuna de manera gratuita s\u00f3lo deben presentar orden m\u00e9dica (excepto las personas con obesidad, a quienes no se les requiere)&#8221;, indicaron.<\/p>\n","protected":false},"excerpt":{"rendered":"<p>Desde el Ministerio de Salud recomendaron prestar atenci\u00f3n a los s\u00edntomas y c\u00f3mo tratarlos. C\u00f3mo se evita un contagio &nbsp; &nbsp; El Ministerio de Salud de la Naci\u00f3n lanz\u00f3 una alerta por la circulaci\u00f3n de una bacteria denominada Sreptococcus pyogenes, que causa faringitis aguda e infecciones cut\u00e1neas, y que fue fatal en 16 casos en lo que va del 2023. En un contexto de aumento mundial de la enfermedad, las autoridades recomendaron tener al d\u00eda la vacunaci\u00f3n contra la gripe y el coronavirus. Seg\u00fan los reportes que circularon hasta el&#8230;<\/p>\n","protected":false},"author":3,"featured_media":104455,"comment_status":"closed","ping_status":"closed","sticky":false,"template":"","format":"standard","meta":[],"categories":[9],"tags":[],"_links":{"self":[{"href":"https:\/\/www.actualidadadiario.com\/index.php\/wp-json\/wp\/v2\/posts\/104454"}],"collection":[{"href":"https:\/\/www.actualidadadiario.com\/index.php\/wp-json\/wp\/v2\/posts"}],"about":[{"href":"https:\/\/www.actualidadadiario.com\/index.php\/wp-json\/wp\/v2\/types\/post"}],"author":[{"embeddable":true,"href":"https:\/\/www.actualidadadiario.com\/index.php\/wp-json\/wp\/v2\/users\/3"}],"replies":[{"embeddable":true,"href":"https:\/\/www.actualidadadiario.com\/index.php\/wp-json\/wp\/v2\/comments?post=104454"}],"version-history":[{"count":1,"href":"https:\/\/www.actualidadadiario.com\/index.php\/wp-json\/wp\/v2\/posts\/104454\/revisions"}],"predecessor-version":[{"id":104456,"href":"https:\/\/www.actualidadadiario.com\/index.php\/wp-json\/wp\/v2\/posts\/104454\/revisions\/104456"}],"wp:featuredmedia":[{"embeddable":true,"href":"https:\/\/www.actualidadadiario.com\/index.php\/wp-json\/wp\/v2\/media\/104455"}],"wp:attachment":[{"href":"https:\/\/www.actualidadadiario.com\/index.php\/wp-json\/wp\/v2\/media?parent=104454"}],"wp:term":[{"taxonomy":"category","embeddable":true,"href":"https:\/\/www.actualidadadiario.com\/index.php\/wp-json\/wp\/v2\/categories?post=104454"},{"taxonomy":"post_tag","embeddable":true,"href":"https:\/\/www.actualidadadiario.com\/index.php\/wp-json\/wp\/v2\/tags?post=104454"}],"curies":[{"name":"wp","href":"https:\/\/api.w.org\/{rel}","templated":true}]}}