{"id":104394,"date":"2023-07-07T13:35:35","date_gmt":"2023-07-07T16:35:35","guid":{"rendered":"https:\/\/www.actualidadadiario.com\/?p=104394"},"modified":"2023-07-07T13:35:35","modified_gmt":"2023-07-07T16:35:35","slug":"el-martes-se-reanuda-la-paritaria-estatal-2","status":"publish","type":"post","link":"https:\/\/www.actualidadadiario.com\/index.php\/2023\/07\/07\/el-martes-se-reanuda-la-paritaria-estatal-2\/","title":{"rendered":"El martes se reanuda la paritaria estatal"},"content":{"rendered":"<p style=\"text-align: center;\"><em><strong>La Secretaria de Trabajo notific\u00f3 a ATE y UPCN sobre la convocatoria a una nueva reuni\u00f3n que tendr\u00e1 lugar el martes 11 de julio a las 12 en Casa de Gobierno con el fin de dar continuidad a la paritaria salarial. &#8220;Estamos monitoreando constantemente las variables econ\u00f3micas para elaborar la mejor propuesta a los gremios de los trabajadores del sector p\u00fablico\u201d, afirm\u00f3 el ministro de Econom\u00eda, Hugo Ballay<\/strong><\/em><\/p>\n<p>&nbsp;<\/p>\n<p>&nbsp;<\/p>\n<p>A fin de dar continuidad a las negociaciones previstas en el marco de la paritaria, el Gobierno provincial convoc\u00f3 a ATE y UPCN para el martes pr\u00f3ximo a las 12 hs en el Sal\u00f3n de los Gobernadores de la Casa Gris.<\/p>\n<p>&#8220;Estamos monitoreando constantemente las variables econ\u00f3micas, como la inflaci\u00f3n, para elaborar la mejor propuesta a los gremios de los trabajadores del sector p\u00fablico&#8221;, expres\u00f3 al dar a conocer la convocatoria el ministro de Econom\u00eda, Hugo Ballay.<\/p>\n<p>El titular de la cartera econ\u00f3mica adelant\u00f3 que &#8220;seguimos promoviendo el di\u00e1logo, la escucha y el trabajo conjunto, como lo estableci\u00f3 el gobernador Gustavo Bordet, a fin de seguir encontrando el camino para que los salarios de las y los trabajadores, activos y pasivos, le ganen a la inflaci\u00f3n&#8221;.<\/p>\n<p>Por \u00faltimo, Ballay sostuvo que &#8220;reafirmamos nuestro compromiso con la instancia paritaria, que es un derecho de las y los trabajadores&#8221;.<\/p>\n<p>La convocatoria con la Asociaci\u00f3n Trabajadores del Estado (ATE) y la Uni\u00f3n Personal Civil de la Naci\u00f3n (UPCN) se desarrollar\u00e1 el pr\u00f3ximo martes 11 de julio a las 12 hs. en Casa de Gobierno.<\/p>\n<p>&nbsp;<\/p>\n<p><strong>La \u00faltima reuni\u00f3n<\/strong><\/p>\n<p>La \u00faltima reuni\u00f3n entre las partes tuvo lugar el 26 de junio, cuando el Gobierno mejor\u00f3 la propuesta salarial en funci\u00f3n de tres pedidos que hab\u00edan realizado los gremios en el encuentro anterior: elev\u00f3 el porcentaje de aumento de 18% a 20% y adelant\u00f3 el pago: 7% en junio y 13% en julio. Adem\u00e1s, determin\u00f3 cambios en los topes de las asignaciones familiares.<\/p>\n","protected":false},"excerpt":{"rendered":"<p>La Secretaria de Trabajo notific\u00f3 a ATE y UPCN sobre la convocatoria a una nueva reuni\u00f3n que tendr\u00e1 lugar el martes 11 de julio a las 12 en Casa de Gobierno con el fin de dar continuidad a la paritaria salarial. &#8220;Estamos monitoreando constantemente las variables econ\u00f3micas para elaborar la mejor propuesta a los gremios de los trabajadores del sector p\u00fablico\u201d, afirm\u00f3 el ministro de Econom\u00eda, Hugo Ballay &nbsp; &nbsp; A fin de dar continuidad a las negociaciones previstas en el marco de la paritaria, el Gobierno provincial convoc\u00f3 a&#8230;<\/p>\n","protected":false},"author":3,"featured_media":104325,"comment_status":"closed","ping_status":"closed","sticky":false,"template":"","format":"standard","meta":[],"categories":[15],"tags":[],"_links":{"self":[{"href":"https:\/\/www.actualidadadiario.com\/index.php\/wp-json\/wp\/v2\/posts\/104394"}],"collection":[{"href":"https:\/\/www.actualidadadiario.com\/index.php\/wp-json\/wp\/v2\/posts"}],"about":[{"href":"https:\/\/www.actualidadadiario.com\/index.php\/wp-json\/wp\/v2\/types\/post"}],"author":[{"embeddable":true,"href":"https:\/\/www.actualidadadiario.com\/index.php\/wp-json\/wp\/v2\/users\/3"}],"replies":[{"embeddable":true,"href":"https:\/\/www.actualidadadiario.com\/index.php\/wp-json\/wp\/v2\/comments?post=104394"}],"version-history":[{"count":1,"href":"https:\/\/www.actualidadadiario.com\/index.php\/wp-json\/wp\/v2\/posts\/104394\/revisions"}],"predecessor-version":[{"id":104395,"href":"https:\/\/www.actualidadadiario.com\/index.php\/wp-json\/wp\/v2\/posts\/104394\/revisions\/104395"}],"wp:featuredmedia":[{"embeddable":true,"href":"https:\/\/www.actualidadadiario.com\/index.php\/wp-json\/wp\/v2\/media\/104325"}],"wp:attachment":[{"href":"https:\/\/www.actualidadadiario.com\/index.php\/wp-json\/wp\/v2\/media?parent=104394"}],"wp:term":[{"taxonomy":"category","embeddable":true,"href":"https:\/\/www.actualidadadiario.com\/index.php\/wp-json\/wp\/v2\/categories?post=104394"},{"taxonomy":"post_tag","embeddable":true,"href":"https:\/\/www.actualidadadiario.com\/index.php\/wp-json\/wp\/v2\/tags?post=104394"}],"curies":[{"name":"wp","href":"https:\/\/api.w.org\/{rel}","templated":true}]}}