{"id":104378,"date":"2023-07-07T13:27:31","date_gmt":"2023-07-07T16:27:31","guid":{"rendered":"https:\/\/www.actualidadadiario.com\/?p=104378"},"modified":"2023-07-07T13:27:31","modified_gmt":"2023-07-07T16:27:31","slug":"juicio-politico-a-la-corte-citan-a-declarar-a-rogelio-frigerio","status":"publish","type":"post","link":"https:\/\/www.actualidadadiario.com\/index.php\/2023\/07\/07\/juicio-politico-a-la-corte-citan-a-declarar-a-rogelio-frigerio\/","title":{"rendered":"Juicio Pol\u00edtico a la Corte: citan a declarar a Rogelio Frigerio"},"content":{"rendered":"<p style=\"text-align: center;\"><em><strong>La comisi\u00f3n de Juicio Pol\u00edtico de la C\u00e1mara de Diputados de la Naci\u00f3n cit\u00f3 a Rogelio Frigerio en su car\u00e1cter de ex ministro del Interior durante la gesti\u00f3n de Mauricio Macri para que preste declaraci\u00f3n testimonial. La convocatoria se da mientras la Comisi\u00f3n analiza la acusaci\u00f3n contra la Corte por el fallo de coparticipaci\u00f3n a favor de la ciudad de Buenos Aires, que rest\u00f3 recursos al resto de las provincias<\/strong><\/em><\/p>\n<p>&nbsp;<\/p>\n<p>&nbsp;<\/p>\n<p>El planteo para que Frigerio sea convocado parti\u00f3 del diputado entrerriano Marcelo Casaretto quien sostuvo que el ex funcionario reconoci\u00f3 durante una conferencia de prensa realizada en 2016 que el incremento de coparticipaci\u00f3n que favoreci\u00f3 a la administraci\u00f3n porte\u00f1a fue \u201cpor encima de los eran necesarios\u201d para atender la transferencia de la Polic\u00eda Federal al gobierno de Buenos Aires.<\/p>\n<p>Esos fondos fueron reducidos durante el gobierno de Alberto Fern\u00e1ndez. Pero la Corte intervino y orden\u00f3 la detracci\u00f3n de fondos coparticipables a favor de la ciudad de Buenos Aires.<\/p>\n<p>Durante su exposici\u00f3n, Casaretto marc\u00f3 que el decreto de Macri, refrendado por Frigerio, fue emitido a los pocos d\u00edas de que ambos dejaron de ser funcionarios del Gobierno porte\u00f1o que se beneficiaba con la transferencia. El entonces presidente hab\u00eda sido jefe de Gobierno hasta diciembre de 2015 y Frigerio hab\u00eda sido legislador porte\u00f1o hasta 2013 y, desde ese momento hasta el fin de la gesti\u00f3n, presidente del Banco Ciudad.<\/p>\n<p>El legislador entrerriano resalt\u00f3 que, con la medida, Macri y Frigerio beneficiaron su distrito de origen. Frigerio renunci\u00f3 a su banca en Diputados para dedicarse a la campa\u00f1a para la gobernaci\u00f3n de Entre R\u00edos. Ser\u00e1 citado luego de las elecciones generales.<\/p>\n","protected":false},"excerpt":{"rendered":"<p>La comisi\u00f3n de Juicio Pol\u00edtico de la C\u00e1mara de Diputados de la Naci\u00f3n cit\u00f3 a Rogelio Frigerio en su car\u00e1cter de ex ministro del Interior durante la gesti\u00f3n de Mauricio Macri para que preste declaraci\u00f3n testimonial. La convocatoria se da mientras la Comisi\u00f3n analiza la acusaci\u00f3n contra la Corte por el fallo de coparticipaci\u00f3n a favor de la ciudad de Buenos Aires, que rest\u00f3 recursos al resto de las provincias &nbsp; &nbsp; El planteo para que Frigerio sea convocado parti\u00f3 del diputado entrerriano Marcelo Casaretto quien sostuvo que el ex&#8230;<\/p>\n","protected":false},"author":3,"featured_media":75507,"comment_status":"closed","ping_status":"closed","sticky":false,"template":"","format":"standard","meta":[],"categories":[15],"tags":[],"_links":{"self":[{"href":"https:\/\/www.actualidadadiario.com\/index.php\/wp-json\/wp\/v2\/posts\/104378"}],"collection":[{"href":"https:\/\/www.actualidadadiario.com\/index.php\/wp-json\/wp\/v2\/posts"}],"about":[{"href":"https:\/\/www.actualidadadiario.com\/index.php\/wp-json\/wp\/v2\/types\/post"}],"author":[{"embeddable":true,"href":"https:\/\/www.actualidadadiario.com\/index.php\/wp-json\/wp\/v2\/users\/3"}],"replies":[{"embeddable":true,"href":"https:\/\/www.actualidadadiario.com\/index.php\/wp-json\/wp\/v2\/comments?post=104378"}],"version-history":[{"count":1,"href":"https:\/\/www.actualidadadiario.com\/index.php\/wp-json\/wp\/v2\/posts\/104378\/revisions"}],"predecessor-version":[{"id":104379,"href":"https:\/\/www.actualidadadiario.com\/index.php\/wp-json\/wp\/v2\/posts\/104378\/revisions\/104379"}],"wp:featuredmedia":[{"embeddable":true,"href":"https:\/\/www.actualidadadiario.com\/index.php\/wp-json\/wp\/v2\/media\/75507"}],"wp:attachment":[{"href":"https:\/\/www.actualidadadiario.com\/index.php\/wp-json\/wp\/v2\/media?parent=104378"}],"wp:term":[{"taxonomy":"category","embeddable":true,"href":"https:\/\/www.actualidadadiario.com\/index.php\/wp-json\/wp\/v2\/categories?post=104378"},{"taxonomy":"post_tag","embeddable":true,"href":"https:\/\/www.actualidadadiario.com\/index.php\/wp-json\/wp\/v2\/tags?post=104378"}],"curies":[{"name":"wp","href":"https:\/\/api.w.org\/{rel}","templated":true}]}}