{"id":104370,"date":"2023-07-06T15:23:18","date_gmt":"2023-07-06T18:23:18","guid":{"rendered":"https:\/\/www.actualidadadiario.com\/?p=104370"},"modified":"2023-07-06T15:23:18","modified_gmt":"2023-07-06T18:23:18","slug":"cristina-massa-y-alberto-inauguran-el-gasoducto-nestor-kirchner-con-la-primera-foto-de-unidad-de-uxp","status":"publish","type":"post","link":"https:\/\/www.actualidadadiario.com\/index.php\/2023\/07\/06\/cristina-massa-y-alberto-inauguran-el-gasoducto-nestor-kirchner-con-la-primera-foto-de-unidad-de-uxp\/","title":{"rendered":"Cristina, Massa y Alberto inauguran el Gasoducto N\u00e9stor Kirchner con la primera foto de unidad de UxP"},"content":{"rendered":"<p style=\"text-align: center;\"><em><strong>Los principales dirigentes del oficialismo estar\u00e1n juntos este domingo en el acto de inauguraci\u00f3n de la obra de infraestructura energ\u00e9tica m\u00e1s importante de los \u00faltimos 50 a\u00f1os. Los detalles de una foto esperada tras un fren\u00e9tico cierre de listas<\/strong><\/em><\/p>\n<p>&nbsp;<\/p>\n<p>&nbsp;<\/p>\n<p>Tras el cierre de listas y ante la falta de una foto de unidad para encarar una campa\u00f1a electoral re\u00f1ida, el precandidato presidencial y ministro de Econom\u00eda, Sergio Massa, se mostrar\u00e1 este domingo junto a la vicepresidenta Cristina Fern\u00e1ndez de Kirchner y el presidente Alberto Fern\u00e1ndez en el acto de inauguraci\u00f3n del gasoducto N\u00e9stor Kirchner en Saliquell\u00f3.<\/p>\n<p>En la inauguraci\u00f3n de la obra de infraestructura m\u00e1s importante de la gesti\u00f3n del oficialismo, estar\u00e1 toda la plana mayor de Uni\u00f3n por la Patria tanto arriba como abajo del escenario. Entre ellos, Axel Kicillof, M\u00e1ximo Kirchner, Eduardo &#8220;Wado&#8221; de Pedro y los gobernadores peronistas.<\/p>\n<p>Cabe recordar que al margen de la asamblea legislativa de marzo, el \u00faltimo acto conjunto entre la Vicepresidenta, el Presidente y gran parte de la dirigencia oficialista fue en Tecn\u00f3polis, por los 100 a\u00f1os de YPF, el 3 de junio del a\u00f1o pasado.<\/p>\n<p>Los detalles para este mega acto, por el secretismo de la vice y por el protocolo de seguridad, son pocos. Este mi\u00e9rcoles, CFK se reuni\u00f3 con Massa, Kicillof, De Pedro y M\u00e1ximo Kichner en su despacho del Senado.<\/p>\n<p>Lo concreto es que ese d\u00eda se abrir\u00e1 la \u00faltima v\u00e1lvula de llenado del gasoducto, habr\u00e1 una recorrida por la obra y un escenario con puesta en escena.<\/p>\n<p>El \u00fanico inconveniente a resolver tiene que ver con un tema de agenda de Alberto Fern\u00e1ndez, que es el acto en Tucum\u00e1n por el D\u00eda de la Independencia. La idea de la Casa Rosada es que el acto en la provincia se realice temprano por la ma\u00f1ana as\u00ed el Presidente se puede trasladar al acto en Saliquel\u00f3.<\/p>\n<p>De todas maneras, la foto de unidad ser\u00e1 un hecho y ser\u00e1 acorde al mega acto que est\u00e1n preparando desde el Gobierno. La inauguraci\u00f3n del gasoductono s\u00f3lo es la obra de infraestructura energ\u00e9tica m\u00e1s importante de la gesti\u00f3n sino que representa uno de los ejes de la campa\u00f1a hacia adelante de UXP.<\/p>\n<p>La obra de ingenier\u00eda, considerada como la m\u00e1s importante de los \u00faltimos 50 a\u00f1os, se concret\u00f3 en un plazo r\u00e9cord de 10 meses, atraves\u00f3 cuatro provincias: desde la planta de tratamiento de gas en la neuquina Tratayen, emplazada en el coraz\u00f3n de Vaca Muerta, pasando por R\u00edo Negro, La Pampa, hasta Salliquel\u00f3.<\/p>\n<p>La construcci\u00f3n estuvo detenido los primeros meses de la gesti\u00f3n debido a la pandemia y a un extenso per\u00edodo de licitaciones y de obtenci\u00f3n de financiamiento que termin\u00f3 de concretar la administraci\u00f3n de Massa al frente del Ministerio de Econom\u00eda.<\/p>\n<p>La construcci\u00f3n estuvo a cargo de las empresas Techint, Sacde y BTU. La primera etapa del gasoducto tendr\u00e1 un impacto en el suministro de hasta 21 millones de metros c\u00fabicos (m3) de gas cuando en los pr\u00f3ximos meses se complete la instalaci\u00f3n de las plantas compresoras, lo que permitir\u00e1 reducir las importaciones de Gas Natural Licuado (GNL).<\/p>\n","protected":false},"excerpt":{"rendered":"<p>Los principales dirigentes del oficialismo estar\u00e1n juntos este domingo en el acto de inauguraci\u00f3n de la obra de infraestructura energ\u00e9tica m\u00e1s importante de los \u00faltimos 50 a\u00f1os. Los detalles de una foto esperada tras un fren\u00e9tico cierre de listas &nbsp; &nbsp; Tras el cierre de listas y ante la falta de una foto de unidad para encarar una campa\u00f1a electoral re\u00f1ida, el precandidato presidencial y ministro de Econom\u00eda, Sergio Massa, se mostrar\u00e1 este domingo junto a la vicepresidenta Cristina Fern\u00e1ndez de Kirchner y el presidente Alberto Fern\u00e1ndez en el acto&#8230;<\/p>\n","protected":false},"author":3,"featured_media":104371,"comment_status":"closed","ping_status":"closed","sticky":false,"template":"","format":"standard","meta":[],"categories":[9],"tags":[],"_links":{"self":[{"href":"https:\/\/www.actualidadadiario.com\/index.php\/wp-json\/wp\/v2\/posts\/104370"}],"collection":[{"href":"https:\/\/www.actualidadadiario.com\/index.php\/wp-json\/wp\/v2\/posts"}],"about":[{"href":"https:\/\/www.actualidadadiario.com\/index.php\/wp-json\/wp\/v2\/types\/post"}],"author":[{"embeddable":true,"href":"https:\/\/www.actualidadadiario.com\/index.php\/wp-json\/wp\/v2\/users\/3"}],"replies":[{"embeddable":true,"href":"https:\/\/www.actualidadadiario.com\/index.php\/wp-json\/wp\/v2\/comments?post=104370"}],"version-history":[{"count":1,"href":"https:\/\/www.actualidadadiario.com\/index.php\/wp-json\/wp\/v2\/posts\/104370\/revisions"}],"predecessor-version":[{"id":104372,"href":"https:\/\/www.actualidadadiario.com\/index.php\/wp-json\/wp\/v2\/posts\/104370\/revisions\/104372"}],"wp:featuredmedia":[{"embeddable":true,"href":"https:\/\/www.actualidadadiario.com\/index.php\/wp-json\/wp\/v2\/media\/104371"}],"wp:attachment":[{"href":"https:\/\/www.actualidadadiario.com\/index.php\/wp-json\/wp\/v2\/media?parent=104370"}],"wp:term":[{"taxonomy":"category","embeddable":true,"href":"https:\/\/www.actualidadadiario.com\/index.php\/wp-json\/wp\/v2\/categories?post=104370"},{"taxonomy":"post_tag","embeddable":true,"href":"https:\/\/www.actualidadadiario.com\/index.php\/wp-json\/wp\/v2\/tags?post=104370"}],"curies":[{"name":"wp","href":"https:\/\/api.w.org\/{rel}","templated":true}]}}