{"id":104344,"date":"2023-07-06T15:03:15","date_gmt":"2023-07-06T18:03:15","guid":{"rendered":"https:\/\/www.actualidadadiario.com\/?p=104344"},"modified":"2023-07-06T15:03:15","modified_gmt":"2023-07-06T18:03:15","slug":"ya-no-sera-necesario-tramitar-la-fe-de-vida-para-cobrar-jubilaciones-y-pensiones","status":"publish","type":"post","link":"https:\/\/www.actualidadadiario.com\/index.php\/2023\/07\/06\/ya-no-sera-necesario-tramitar-la-fe-de-vida-para-cobrar-jubilaciones-y-pensiones\/","title":{"rendered":"Ya no ser\u00e1 necesario tramitar la &#8220;Fe de Vida&#8221; para cobrar jubilaciones y pensiones"},"content":{"rendered":"<p style=\"text-align: center;\"><em><strong>La modificaci\u00f3n votada este mi\u00e9rcoles establece que &#8220;en ning\u00fan caso podr\u00e1n requerirse tr\u00e1mites adicionales a cargo del beneficiado y\/o apoderado de la prestaci\u00f3n&#8221;<\/strong><\/em><\/p>\n<p>&nbsp;<\/p>\n<p>&nbsp;<\/p>\n<p>La C\u00e1mara de Diputados convirti\u00f3 en ley un proyecto que elimina el tr\u00e1mite de actualizaci\u00f3n de &#8220;Fe de Vida&#8221; que deben presentar jubilados y pensionados que integran el Sistema Integrado Previsional Argentino y de Pensiones No Contributivas para el cobro de sus haberes mensuales.<\/p>\n<p>La iniciativa fue aprobada por 170 a 3 votos en una votaci\u00f3n a libro cerrado donde se sancionaron otros proyectos referidos a acuerdos internacionales, entre otros dict\u00e1menes, en el \u00faltimo tramo de una sesi\u00f3n que se extendi\u00f3 por m\u00e1s de trece horas.<\/p>\n<p>De los aproximadamente 7,3 millones de pasivos del sistema previsional, m\u00e1s de 3,2 millones no deben presentar su fe de vida a partir de acuerdos entre el Estado y algunas entidades bancarias, en su mayor\u00eda, del sector p\u00fablico.<\/p>\n<p>El art\u00edculo establece que &#8220;en ning\u00fan caso podr\u00e1n requerirse tr\u00e1mites adicionales a cargo del beneficiario y\/o apoderado de la prestaci\u00f3n&#8221; jubilatoria &#8220;m\u00e1s all\u00e1 de las verificaciones realizadas al momento del cobro presencial que eventualmente se realice&#8221;.<\/p>\n<p>La fe de vida era un tr\u00e1mite que los jubilados deb\u00edan realizar peri\u00f3dicamente para que Anses certifique la supervivencia del jubilado o pensionado.<\/p>\n","protected":false},"excerpt":{"rendered":"<p>La modificaci\u00f3n votada este mi\u00e9rcoles establece que &#8220;en ning\u00fan caso podr\u00e1n requerirse tr\u00e1mites adicionales a cargo del beneficiado y\/o apoderado de la prestaci\u00f3n&#8221; &nbsp; &nbsp; La C\u00e1mara de Diputados convirti\u00f3 en ley un proyecto que elimina el tr\u00e1mite de actualizaci\u00f3n de &#8220;Fe de Vida&#8221; que deben presentar jubilados y pensionados que integran el Sistema Integrado Previsional Argentino y de Pensiones No Contributivas para el cobro de sus haberes mensuales. La iniciativa fue aprobada por 170 a 3 votos en una votaci\u00f3n a libro cerrado donde se sancionaron otros proyectos referidos&#8230;<\/p>\n","protected":false},"author":3,"featured_media":84621,"comment_status":"closed","ping_status":"closed","sticky":false,"template":"","format":"standard","meta":[],"categories":[2],"tags":[],"_links":{"self":[{"href":"https:\/\/www.actualidadadiario.com\/index.php\/wp-json\/wp\/v2\/posts\/104344"}],"collection":[{"href":"https:\/\/www.actualidadadiario.com\/index.php\/wp-json\/wp\/v2\/posts"}],"about":[{"href":"https:\/\/www.actualidadadiario.com\/index.php\/wp-json\/wp\/v2\/types\/post"}],"author":[{"embeddable":true,"href":"https:\/\/www.actualidadadiario.com\/index.php\/wp-json\/wp\/v2\/users\/3"}],"replies":[{"embeddable":true,"href":"https:\/\/www.actualidadadiario.com\/index.php\/wp-json\/wp\/v2\/comments?post=104344"}],"version-history":[{"count":1,"href":"https:\/\/www.actualidadadiario.com\/index.php\/wp-json\/wp\/v2\/posts\/104344\/revisions"}],"predecessor-version":[{"id":104345,"href":"https:\/\/www.actualidadadiario.com\/index.php\/wp-json\/wp\/v2\/posts\/104344\/revisions\/104345"}],"wp:featuredmedia":[{"embeddable":true,"href":"https:\/\/www.actualidadadiario.com\/index.php\/wp-json\/wp\/v2\/media\/84621"}],"wp:attachment":[{"href":"https:\/\/www.actualidadadiario.com\/index.php\/wp-json\/wp\/v2\/media?parent=104344"}],"wp:term":[{"taxonomy":"category","embeddable":true,"href":"https:\/\/www.actualidadadiario.com\/index.php\/wp-json\/wp\/v2\/categories?post=104344"},{"taxonomy":"post_tag","embeddable":true,"href":"https:\/\/www.actualidadadiario.com\/index.php\/wp-json\/wp\/v2\/tags?post=104344"}],"curies":[{"name":"wp","href":"https:\/\/api.w.org\/{rel}","templated":true}]}}